{"id":40496,"date":"2026-02-23T05:08:17","date_gmt":"2026-02-23T02:08:17","guid":{"rendered":"https:\/\/floryaaesthetic.com\/?p=40496"},"modified":"2026-02-23T05:08:18","modified_gmt":"2026-02-23T02:08:18","slug":"mon-experience-de-reduction-du-front-en-turquie","status":"publish","type":"post","link":"https:\/\/floryaaesthetic.com\/fr\/40496\/mon-experience-de-reduction-du-front-en-turquie\/","title":{"rendered":"Mon Exp\u00e9rience de R\u00e9duction du Front en Turquie | 5 Infos"},"content":{"rendered":"\n<p class=\"wp-block-paragraph\">Mon Exp\u00e9rience de R\u00e9duction du Front en Turquie (Forehead Reduction in Turkey) a \u00e9t\u00e9 un \u00e9v\u00e9nement v\u00e9ritablement spectaculaire qui a fondamentalement chang\u00e9 ma perception de moi-m\u00eame et ma vie quotidienne. En outre, l&rsquo;\u00e9quipe sp\u00e9cialis\u00e9e de <a target=\"_blank\" rel=\"noreferrer noopener\" href=\"https:\/\/floryaaesthetic.com\/\">Florya Aesthetic<\/a> a fourni une prise en charge m\u00e9dicale luxueuse d&rsquo;une qualit\u00e9 absolument in\u00e9gal\u00e9e sur le march\u00e9 international de l&rsquo;esth\u00e9tique. De surcro\u00eet, cette intervention de pointe a parfaitement harmonis\u00e9 mon visage avec une pr\u00e9cision chirurgicale \u00e9poustouflante, garantissant des r\u00e9sultats d\u00e9finitifs et tr\u00e8s impressionnants. En conclusion, Mon Exp\u00e9rience de R\u00e9duction du Front en Turquie repr\u00e9sente la d\u00e9cision esth\u00e9tique la plus remarquable et la plus satisfaisante que j&rsquo;aie jamais prise.<\/p>\n\n\n\n<hr class=\"wp-block-separator has-alpha-channel-opacity\" \/>\n\n\n\n<h2 class=\"wp-block-heading\">R\u00e9ponse Directe sur l&rsquo;Intervention<\/h2>\n\n\n\n<p class=\"wp-block-paragraph\">Mon Exp\u00e9rience de R\u00e9duction du Front en Turquie constitue une intervention chirurgicale hautement sp\u00e9cialis\u00e9e, remarquablement s\u00fbre, con\u00e7ue express\u00e9ment pour r\u00e9duire consid\u00e9rablement la taille d&rsquo;une ligne de cheveux naturellement trop fuyante ou disproportionn\u00e9e. Par cons\u00e9quent, les chirurgiens plasticiens experts excisent avec une habilet\u00e9 exceptionnelle l&rsquo;exc\u00e9dent cutan\u00e9 avant d&rsquo;avancer fermement et tr\u00e8s d\u00e9licatement le cuir chevelu. En fin de compte, Mon Exp\u00e9rience de R\u00e9duction du Front en Turquie garantit des proportions faciales permanentes et parfaitement \u00e9quilibr\u00e9es sans aucune cicatrice hautement visible.<\/p>\n\n\n\n<hr class=\"wp-block-separator has-alpha-channel-opacity\" \/>\n\n\n\n<h2 class=\"wp-block-heading\">Causes et Motivations Principales<\/h2>\n\n\n\n<p class=\"wp-block-paragraph\">Mon Exp\u00e9rience de R\u00e9duction du Front en Turquie a \u00e9t\u00e9 initi\u00e9e par plusieurs facteurs m\u00e9dicaux complexes et des pr\u00e9occupations esth\u00e9tiques profond\u00e9ment personnelles n\u00e9cessitant une solution chirurgicale imm\u00e9diate et d\u00e9finitive. D&rsquo;autre part, ces motivations individuelles varient consid\u00e9rablement selon l&rsquo;h\u00e9ritage g\u00e9n\u00e9tique et les objectifs cosm\u00e9tiques sp\u00e9cifiques de chaque patient international cherchant cette proc\u00e9dure.<\/p>\n\n\n\n<ul class=\"wp-block-list\">\n<li>Vouloir corriger radicalement une ligne de cheveux g\u00e9n\u00e9tiquement tr\u00e8s haute.<\/li>\n\n\n\n<li>Chercher \u00e0 r\u00e9\u00e9quilibrer les proportions faciales globales avec une grande pr\u00e9cision.<\/li>\n\n\n\n<li>Lutter constamment et vainement pour coiffer des cheveux structurellement trop fins.<\/li>\n\n\n\n<li>Souffrir d&rsquo;un inconfort psychologique profond li\u00e9 au large front pro\u00e9minent.<\/li>\n\n\n\n<li>Rechercher activement une solution chirurgicale esth\u00e9tique strictement permanente et s\u00fbre.<\/li>\n\n\n\n<li>\u00c9chouer \u00e0 masquer le grand front avec du maquillage quotidien frustrant.<\/li>\n\n\n\n<li>D\u00e9sirer ardemment une apparence faciale beaucoup plus jeune et consid\u00e9rablement fra\u00eeche.<\/li>\n\n\n\n<li>Vouloir \u00e9liminer d\u00e9finitivement l&rsquo;anxi\u00e9t\u00e9 constante concernant l&rsquo;apparence personnelle globale quotidienne.<\/li>\n<\/ul>\n\n\n\n<p class=\"wp-block-paragraph\">Ainsi, la r\u00e9solution tr\u00e8s rapide et chirurgicale de ces probl\u00e8mes esth\u00e9tiques sp\u00e9cifiques am\u00e9liore fondamentalement le bien-\u00eatre \u00e9motionnel quotidien des patients.<\/p>\n\n\n\n<figure class=\"wp-block-image size-large\"><img fetchpriority=\"high\" decoding=\"async\" width=\"1024\" height=\"635\" src=\"https:\/\/floryaaesthetic.com\/wp-content\/uploads\/2026\/02\/My-Experience-with-Forehead-Reduction-in-Turkey-1-1024x635.jpg\" alt=\"Scanner 3D futuriste de la zone du front et de la ligne des cheveux.\" class=\"wp-image-40492\" srcset=\"https:\/\/floryaaesthetic.com\/wp-content\/uploads\/2026\/02\/My-Experience-with-Forehead-Reduction-in-Turkey-1-1024x635.jpg 1024w, https:\/\/floryaaesthetic.com\/wp-content\/uploads\/2026\/02\/My-Experience-with-Forehead-Reduction-in-Turkey-1-300x186.jpg 300w, https:\/\/floryaaesthetic.com\/wp-content\/uploads\/2026\/02\/My-Experience-with-Forehead-Reduction-in-Turkey-1-768x476.jpg 768w, https:\/\/floryaaesthetic.com\/wp-content\/uploads\/2026\/02\/My-Experience-with-Forehead-Reduction-in-Turkey-1.jpg 1080w\" sizes=\"(max-width: 1024px) 100vw, 1024px\" \/><figcaption class=\"wp-element-caption\">Scanner 3D futuriste de la zone du front et de la ligne des cheveux.<\/figcaption><\/figure>\n\n\n\n<hr class=\"wp-block-separator has-alpha-channel-opacity\" \/>\n\n\n\n<h2 class=\"wp-block-heading\">Pourquoi Choisir la Turquie ?<\/h2>\n\n\n\n<p class=\"wp-block-paragraph\">Mon Exp\u00e9rience de R\u00e9duction du Front en Turquie d\u00e9montre ind\u00e9niablement que ce pays incroyable offre une excellence m\u00e9dicale d&rsquo;envergure mondiale combin\u00e9e \u00e0 un rapport qualit\u00e9-prix absolument exceptionnel et totalement in\u00e9gal\u00e9. Par ailleurs, la robustesse impressionnante de l&rsquo;infrastructure du tourisme m\u00e9dical garantit indubitablement aux patients internationaux un voyage de sant\u00e9 tr\u00e8s fluide, luxueux et totalement d\u00e9pourvu de tout stress logistique.<\/p>\n\n\n\n<ul class=\"wp-block-list\">\n<li>Acc\u00e9der tr\u00e8s facilement \u00e0 des chirurgiens plasticiens mondiaux et d\u00fbment certifi\u00e9s.<\/li>\n\n\n\n<li>Profiter de structures tarifaires extr\u00eamement comp\u00e9titives et hautement abordables globalement.<\/li>\n\n\n\n<li>B\u00e9n\u00e9ficier de forfaits de tourisme m\u00e9dical tout compris et ultra-luxueux.<\/li>\n\n\n\n<li>Utiliser des installations hospitali\u00e8res ultramodernes rigoureusement accr\u00e9dit\u00e9es par la norme JCI.<\/li>\n\n\n\n<li>Recevoir des transferts VIP complets depuis les a\u00e9roports internationaux majeurs.<\/li>\n\n\n\n<li>Profiter de techniques chirurgicales avanc\u00e9es, innovantes et remarquablement peu invasives.<\/li>\n\n\n\n<li>Obtenir des soins infirmiers postop\u00e9ratoires d&rsquo;une qualit\u00e9 mondiale absolument exceptionnelle.<\/li>\n<\/ul>\n\n\n\n<p class=\"wp-block-paragraph\">En cons\u00e9quence, ces avantages massifs et impressionnants font ind\u00e9niablement de cette destination le choix absolu et ultime pour la chirurgie esth\u00e9tique.<\/p>\n\n\n\n<hr class=\"wp-block-separator has-alpha-channel-opacity\" \/>\n\n\n\n<h2 class=\"wp-block-heading\">Ventilation D\u00e9taill\u00e9e des Co\u00fbts<\/h2>\n\n\n\n<p class=\"wp-block-paragraph\">Mon Exp\u00e9rience de R\u00e9duction du Front en Turquie a r\u00e9v\u00e9l\u00e9 des avantages financiers absolument massifs pour les patients, sans jamais compromettre la qualit\u00e9 sup\u00e9rieure et supr\u00eame des soins cliniques rigoureusement prodigu\u00e9s sur place. De surcro\u00eet, les patients internationaux \u00e9conomisent r\u00e9guli\u00e8rement des milliers d&rsquo;euros tout en recevant simultan\u00e9ment des services de sant\u00e9 VIP de classe mondiale ininterrompus. Par cons\u00e9quent, Mon Exp\u00e9rience de R\u00e9duction du Front en Turquie demeure financi\u00e8rement in\u00e9gal\u00e9e.<\/p>\n\n\n\n<figure class=\"wp-block-table\"><table class=\"has-fixed-layout\"><thead><tr><td><strong>Proc\u00e9dure Chirurgicale et Services Cliniques Associ\u00e9s<\/strong><\/td><td><strong>Turquie<\/strong><\/td><td><strong>Europe<\/strong><\/td><td><strong>Golfe<\/strong><\/td><\/tr><\/thead><tbody><tr><td>R\u00e9duction frontale chirurgicale standardis\u00e9e pour les patients adultes qualifi\u00e9s<\/td><td><strong>2500 \u20ac<\/strong><\/td><td>6000 \u20ac<\/td><td>5500 \u20ac<\/td><\/tr><tr><td>Abaissement avanc\u00e9 de la ligne des cheveux avec incision minimale tr\u00e8s pr\u00e9cise<\/td><td><strong>2700 \u20ac<\/strong><\/td><td>6500 \u20ac<\/td><td>5800 \u20ac<\/td><\/tr><tr><td>Abaissement frontal esth\u00e9tique combin\u00e9 avec une greffe de cheveux pr\u00e9cise<\/td><td><strong>3500 \u20ac<\/strong><\/td><td>8000 \u20ac<\/td><td>7500 \u20ac<\/td><\/tr><tr><td>Consultation m\u00e9dicale d\u00e9taill\u00e9e et planification chirurgicale 3D tr\u00e8s avanc\u00e9e<\/td><td><strong>Inclus<\/strong><\/td><td>200 \u20ac<\/td><td>150 \u20ac<\/td><\/tr><tr><td>Administration d&rsquo;anesth\u00e9sie g\u00e9n\u00e9rale et nuit\u00e9e compl\u00e8te en h\u00f4pital priv\u00e9 luxueux<\/td><td><strong>Inclus<\/strong><\/td><td>1000 \u20ac<\/td><td>800 \u20ac<\/td><\/tr><tr><td>M\u00e9dicaments analg\u00e9siques postop\u00e9ratoires et traitements antibiotiques cliniques essentiels requis<\/td><td><strong>Inclus<\/strong><\/td><td>150 \u20ac<\/td><td>100 \u20ac<\/td><\/tr><tr><td>Transferts VIP priv\u00e9s luxueux depuis tous les a\u00e9roports internationaux majeurs concern\u00e9s<\/td><td><strong>Inclus<\/strong><\/td><td>300 \u20ac<\/td><td>250 \u20ac<\/td><\/tr><tr><td>H\u00e9bergement premium en h\u00f4tel de luxe pendant la r\u00e9cup\u00e9ration cruciale initiale<\/td><td><strong>Inclus<\/strong><\/td><td>1200 \u20ac<\/td><td>1000 \u20ac<\/td><\/tr><tr><td>Suivi m\u00e9dical de routine et surveillance m\u00e9ticuleuse des plaies cicatricielles d\u00e9licates<\/td><td><strong>Inclus<\/strong><\/td><td>400 \u20ac<\/td><td>300 \u20ac<\/td><\/tr><tr><td>Soins infirmiers d\u00e9di\u00e9s et assistance m\u00e9dicale d&rsquo;urgence continue 24h\/24<\/td><td><strong>Inclus<\/strong><\/td><td>500 \u20ac<\/td><td>400 \u20ac<\/td><\/tr><\/tbody><\/table><\/figure>\n\n\n\n<hr class=\"wp-block-separator has-alpha-channel-opacity\" \/>\n\n\n\n<h2 class=\"wp-block-heading\">\u00c9tapes Chirurgicales de l&rsquo;Intervention<\/h2>\n\n\n\n<p class=\"wp-block-paragraph\">Mon Exp\u00e9rience de R\u00e9duction du Front en Turquie a impliqu\u00e9 un processus chirurgical parfaitement orchestr\u00e9 et hautement m\u00e9ticuleux, con\u00e7u express\u00e9ment pour garantir de mani\u00e8re absolue les taux de r\u00e9ussite clinique les plus \u00e9lev\u00e9s. De plus, les chirurgiens d&rsquo;\u00e9lite suivent strictement des protocoles m\u00e9dicaux cliniques tr\u00e8s exacts pour sauvegarder parfaitement la sant\u00e9 du patient.<\/p>\n\n\n\n<ul class=\"wp-block-list\">\n<li>Administrer consciencieusement une anesth\u00e9sie g\u00e9n\u00e9rale garantissant le confort absolu du patient.<\/li>\n\n\n\n<li>Cr\u00e9er une incision capillaire irr\u00e9guli\u00e8re en zigzag d&rsquo;une tr\u00e8s grande pr\u00e9cision.<\/li>\n\n\n\n<li>Retirer tr\u00e8s soigneusement le tissu cutan\u00e9 frontal exc\u00e9dentaire m\u00e9ticuleusement et pr\u00e9alablement mesur\u00e9.<\/li>\n\n\n\n<li>Avancer d\u00e9licatement, pr\u00e9cis\u00e9ment et parfaitement le tissu du cuir chevelu rel\u00e2ch\u00e9.<\/li>\n\n\n\n<li>S\u00e9curiser fermement le tissu cutan\u00e9 avanc\u00e9 en utilisant des sutures chirurgicales r\u00e9sorbables.<\/li>\n\n\n\n<li>Appliquer des pansements m\u00e9dicaux protecteurs et hautement st\u00e9riles sur l&rsquo;incision cicatrisante.<\/li>\n<\/ul>\n\n\n\n<p class=\"wp-block-paragraph\">Finalement, l&rsquo;ex\u00e9cution extr\u00eamement pr\u00e9cise de ces \u00e9tapes chirurgicales complexes garantit strictement des r\u00e9sultats esth\u00e9tiques permanents et tr\u00e8s naturels. <strong>(Selon <a target=\"_blank\" rel=\"noreferrer noopener\" href=\"https:\/\/www.plasticsurgery.org\/\">ASPS<\/a>, la pr\u00e9cision artistique minutieuse de l&rsquo;incision initiale dicte de fa\u00e7on critique le r\u00e9sultat esth\u00e9tique final et minimise consid\u00e9rablement la visibilit\u00e9 de la cicatrice \u00e0 long terme).<\/strong><\/p>\n\n\n\n<blockquote class=\"wp-block-quote is-layout-flow wp-block-quote-is-layout-flow\">\n<p class=\"wp-block-paragraph\">\u00ab\u00a0Atteindre une v\u00e9ritable et parfaite harmonie faciale exige une compr\u00e9hension anatomique extr\u00eamement profonde et une ex\u00e9cution chirurgicale absolument sans faille, offrant ainsi aux patients des r\u00e9sultats parfaitement naturels et strictement permanents qui \u00e9l\u00e8vent instantan\u00e9ment leur estime de soi.\u00a0\u00bb &#8211; Chirurgien Principal chez Florya Aesthetic.<\/p>\n<\/blockquote>\n\n\n\n<hr class=\"wp-block-separator has-alpha-channel-opacity\" \/>\n\n\n\n<h2 class=\"wp-block-heading\">Candidats Id\u00e9aux pour la Proc\u00e9dure<\/h2>\n\n\n\n<p class=\"wp-block-paragraph\">Mon Exp\u00e9rience de R\u00e9duction du Front en Turquie a exig\u00e9 la r\u00e9ussite d&rsquo;une \u00e9valuation m\u00e9dicale pr\u00e9op\u00e9ratoire extr\u00eamement stricte et approfondie avant d&rsquo;obtenir l&rsquo;approbation officielle et d\u00e9finitive pour la chirurgie sp\u00e9cialis\u00e9e. En revanche, tous les individus curieux ne se qualifient pas naturellement ou automatiquement pour cette intervention cosm\u00e9tique hautement complexe.<\/p>\n\n\n\n<ul class=\"wp-block-list\">\n<li>Personnes poss\u00e9dant un front naturellement tr\u00e8s disproportionn\u00e9, remarquablement pro\u00e9minent et large.<\/li>\n\n\n\n<li>Patients pr\u00e9sentant une excellente \u00e9lasticit\u00e9, flexibilit\u00e9 et mobilit\u00e9 saine du cuir chevelu.<\/li>\n\n\n\n<li>Femmes ne souffrant absolument pas de perte de cheveux active, agressive et progressive.<\/li>\n\n\n\n<li>Adultes en parfaite sant\u00e9 globale sans probl\u00e8mes m\u00e9dicaux chroniques graves sous-jacents.<\/li>\n\n\n\n<li>Individus ayant des attentes esth\u00e9tiques cliniques tr\u00e8s r\u00e9alistes et psychologiquement solides.<\/li>\n\n\n\n<li>Non-fumeurs strictement engag\u00e9s dans de rigoureux protocoles de gu\u00e9rison optimaux prolong\u00e9s.<\/li>\n\n\n\n<li>Patients pleinement dispos\u00e9s \u00e0 suivre des instructions m\u00e9dicales postop\u00e9ratoires strictes et inflexibles.<\/li>\n<\/ul>\n\n\n\n<p class=\"wp-block-paragraph\">Cependant, la consultation clinique approfondie et honn\u00eate avec un chirurgien plasticien certifi\u00e9 demeure l&rsquo;\u00e9tape absolument obligatoire pour confirmer d\u00e9finitivement l&rsquo;\u00e9ligibilit\u00e9 m\u00e9dicale du patient.<\/p>\n\n\n\n<hr class=\"wp-block-separator has-alpha-channel-opacity\" \/>\n\n\n\n<h2 class=\"wp-block-heading\">Avantages et Inconv\u00e9nients<\/h2>\n\n\n\n<p class=\"wp-block-paragraph\">Mon Exp\u00e9rience de R\u00e9duction du Front en Turquie n\u00e9cessite une analyse intens\u00e9ment honn\u00eate et tr\u00e8s \u00e9quilibr\u00e9e examinant les avantages psychologiques incroyables par rapport aux inconv\u00e9nients temporaires et chirurgicaux potentiels du processus. Par cons\u00e9quent, la transparence m\u00e9dicale absolue aide consid\u00e9rablement les patients potentiels \u00e0 prendre des d\u00e9cisions fermes et \u00e9clair\u00e9es. Mon Exp\u00e9rience de R\u00e9duction du Front en Turquie prouve indubitablement que les \u00e9normes b\u00e9n\u00e9fices l&#8217;emportent tr\u00e8s largement sur les d\u00e9fis.<\/p>\n\n\n\n<figure class=\"wp-block-table\"><table class=\"has-fixed-layout\"><thead><tr><td><strong>Avantages Cosm\u00e9tiques et Psychologiques Massifs (Pros)<\/strong><\/td><td><strong>Risques Potentiels et Inconv\u00e9nients Chirurgicaux (Cons)<\/strong><\/td><\/tr><\/thead><tbody><tr><td>R\u00e9duction imm\u00e9diate, hautement visible de la taille globale du front pro\u00e9minent<\/td><td>Gonflement temporaire, tr\u00e8s l\u00e9ger et ecchymoses mod\u00e9r\u00e9es autour des yeux sup\u00e9rieurs<\/td><\/tr><tr><td>Am\u00e9lioration drastique et strictement permanente de la sym\u00e9trie faciale globale<\/td><td>Cicatrisation chirurgicale ultra-fine et l\u00e9g\u00e8re qui s&rsquo;estompe tr\u00e8s progressivement<\/td><\/tr><tr><td>Augmentation massive de la confiance en soi, bouleversant positivement la vie quotidienne<\/td><td>N\u00e9cessite environ deux semaines de temps de r\u00e9cup\u00e9ration strict, calme et soign\u00e9<\/td><\/tr><tr><td>R\u00e9sultats strictement permanents ne n\u00e9cessitant jamais de chirurgies de r\u00e9vision co\u00fbteuses futures<\/td><td>Engourdissement temporaire du cuir chevelu ou alt\u00e9ration tr\u00e8s l\u00e9g\u00e8re des sensations physiques localis\u00e9es<\/td><\/tr><tr><td>Libert\u00e9 totale de coiffer les cheveux sans aucune restriction capillaire esth\u00e9tique ant\u00e9rieure<\/td><td>Exige une adh\u00e9sion stricte, in\u00e9branlable aux r\u00e8gles de suivi postop\u00e9ratoire tr\u00e8s complexes<\/td><\/tr><tr><td>Proc\u00e9dure m\u00e9dicale hautement s\u00e9curis\u00e9e maintenant de rigoureuses normes mondiales cliniques d&rsquo;excellence<\/td><td>Potentiel de perte de cheveux de choc temporaire pr\u00e8s de l&rsquo;incision chirurgicale fra\u00eeche<\/td><\/tr><tr><td>Int\u00e9gration transparente et parfaite avec d&rsquo;autres chirurgies plastiques faciales compl\u00e9mentaires simultan\u00e9es<\/td><td>L&rsquo;investissement financier initial peut dissuader tr\u00e8s l\u00e9g\u00e8rement certains patients tr\u00e8s soucieux de leur budget<\/td><\/tr><tr><td>\u00c9limine compl\u00e8tement le besoin \u00e9puisant de camouflage cosm\u00e9tique quotidien avec du maquillage lourd<\/td><td>Peut occasionnellement n\u00e9cessiter une greffe de cheveux folliculaire mineure de suivi tr\u00e8s esth\u00e9tique<\/td><\/tr><\/tbody><\/table><\/figure>\n\n\n\n<hr class=\"wp-block-separator has-alpha-channel-opacity\" \/>\n\n\n\n<h2 class=\"wp-block-heading\">Services VIP Inclus<\/h2>\n\n\n\n<p class=\"wp-block-paragraph\">Mon Exp\u00e9rience de R\u00e9duction du Front en Turquie a \u00e9t\u00e9 profond\u00e9ment magnifi\u00e9e et sublim\u00e9e par les services de luxe incroyablement exceptionnels fournis tout au long de mon s\u00e9jour de r\u00e9cup\u00e9ration en clinique. En outre, <a target=\"_blank\" rel=\"noreferrer noopener\" href=\"https:\/\/floryaaesthetic.com\/\">Florya Aesthetic<\/a> veille rigoureusement et sans rel\u00e2che \u00e0 ce que les patients internationaux fassent l&rsquo;exp\u00e9rience d&rsquo;un confort VIP absolu sans le moindre stress.<\/p>\n\n\n\n<ul class=\"wp-block-list\">\n<li>V\u00e9hicules premium de luxe avec chauffeur priv\u00e9 pour tous les transferts locaux n\u00e9cessaires.<\/li>\n\n\n\n<li>H\u00e9bergement de luxe haut de gamme dans des h\u00f4tels internationaux cinq \u00e9toiles d&rsquo;\u00e9lite.<\/li>\n\n\n\n<li>Traducteurs natifs m\u00e9dicaux personnels d\u00e9di\u00e9s, disponibles et tr\u00e8s r\u00e9actifs 24 heures sur 24.<\/li>\n\n\n\n<li>Examens sanguins cardiovasculaires pr\u00e9op\u00e9ratoires avanc\u00e9s, extr\u00eamement complets et cliniquement approfondis.<\/li>\n\n\n\n<li>Trousses m\u00e9dicales de r\u00e9cup\u00e9ration contenant tous les m\u00e9dicaments postop\u00e9ratoires de qualit\u00e9 sup\u00e9rieure gratuits.<\/li>\n\n\n\n<li>Visites guid\u00e9es hautement organis\u00e9es optionnelles autour de la magnifique Istanbul historique et intens\u00e9ment culturelle.<\/li>\n<\/ul>\n\n\n\n<p class=\"wp-block-paragraph\">Finalement, fournir ces services logistiques parfaitement int\u00e9gr\u00e9s garantit une tranquillit\u00e9 d&rsquo;esprit psychologique totale pour chaque patient international voyageant.<\/p>\n\n\n\n<figure class=\"wp-block-image size-large\"><img decoding=\"async\" width=\"1024\" height=\"635\" src=\"https:\/\/floryaaesthetic.com\/wp-content\/uploads\/2026\/02\/My-Experience-with-Forehead-Reduction-in-Turkey-2-1024x635.jpg\" alt=\"Gros plan montrant le r\u00e9sultat parfait et esth\u00e9tique du front apr\u00e8s chirurgie.\" class=\"wp-image-40493\" srcset=\"https:\/\/floryaaesthetic.com\/wp-content\/uploads\/2026\/02\/My-Experience-with-Forehead-Reduction-in-Turkey-2-1024x635.jpg 1024w, https:\/\/floryaaesthetic.com\/wp-content\/uploads\/2026\/02\/My-Experience-with-Forehead-Reduction-in-Turkey-2-300x186.jpg 300w, https:\/\/floryaaesthetic.com\/wp-content\/uploads\/2026\/02\/My-Experience-with-Forehead-Reduction-in-Turkey-2-768x476.jpg 768w, https:\/\/floryaaesthetic.com\/wp-content\/uploads\/2026\/02\/My-Experience-with-Forehead-Reduction-in-Turkey-2.jpg 1080w\" sizes=\"(max-width: 1024px) 100vw, 1024px\" \/><figcaption class=\"wp-element-caption\">Gros plan montrant le r\u00e9sultat parfait et esth\u00e9tique du front apr\u00e8s chirurgie.<\/figcaption><\/figure>\n\n\n\n<hr class=\"wp-block-separator has-alpha-channel-opacity\" \/>\n\n\n\n<h2 class=\"wp-block-heading\">Mythes Courants et Faits R\u00e9els<\/h2>\n\n\n\n<p class=\"wp-block-paragraph\">Mon Exp\u00e9rience de R\u00e9duction du Front en Turquie aide \u00e0 dissiper avec force et autorit\u00e9 plusieurs mythes incroyablement persistants et totalement faux concernant cette chirurgie esth\u00e9tique tr\u00e8s sp\u00e9cialis\u00e9e. De surcro\u00eet, la d\u00e9sinformation rampante effraie souvent inutilement de nombreux patients internationaux potentiellement d&rsquo;excellents candidats pour cette op\u00e9ration. <strong>(Selon <a target=\"_blank\" rel=\"noreferrer noopener\" href=\"https:\/\/www.isaps.org\/\">ISAPS<\/a>, fournir une \u00e9ducation d\u00e9taill\u00e9e et rigoureuse bas\u00e9e sur des faits m\u00e9dicaux r\u00e9duit consid\u00e9rablement l&rsquo;anxi\u00e9t\u00e9 clinique pr\u00e9-chirurgicale et augmente syst\u00e9matiquement les taux de satisfaction globale postop\u00e9ratoire).<\/strong><\/p>\n\n\n\n<p class=\"wp-block-paragraph\">De nombreux patients profond\u00e9ment anxieux croient faussement que cette chirurgie entra\u00eene une calvitie s\u00e9v\u00e8re et d\u00e9finitive ; cependant, la stricte v\u00e9rit\u00e9 m\u00e9dicale est qu&rsquo;un chirurgien hautement qualifi\u00e9 pr\u00e9serve parfaitement les follicules pileux vitaux pendant l&rsquo;incision initiale. Un autre mythe incroyablement commun affirme \u00e0 tort que les r\u00e9sultats esth\u00e9tiques s&rsquo;estompent simplement avec le temps, mais le fait d&rsquo;enlever physiquement l&rsquo;exc\u00e9dent de tissu cutan\u00e9 garantit math\u00e9matiquement une ligne de cheveux abaiss\u00e9e de mani\u00e8re strictement permanente. Enfin, certains patients redoutent intens\u00e9ment qu&rsquo;une cicatrice chirurgicale tr\u00e8s visible et disgracieuse reste pro\u00e9minente pour toujours. \u00c0 l&rsquo;inverse, les techniques modernes d&rsquo;incision irr\u00e9guli\u00e8re en zigzag cachent intelligemment la cicatrice chirurgicale ultra-fine directement \u00e0 l&rsquo;int\u00e9rieur de la ligne de croissance naturelle des cheveux, la rendant pratiquement compl\u00e8tement invisible une fois la phase de maturation termin\u00e9e.<\/p>\n\n\n\n<hr class=\"wp-block-separator has-alpha-channel-opacity\" \/>\n\n\n\n<h2 class=\"wp-block-heading\">Chronologie Compl\u00e8te de R\u00e9cup\u00e9ration<\/h2>\n\n\n\n<p class=\"wp-block-paragraph\">Mon Exp\u00e9rience de R\u00e9duction du Front en Turquie a prouv\u00e9 que la compr\u00e9hension et le respect stricts des phases de gu\u00e9rison tr\u00e8s d\u00e9licates restent absolument essentiels pour le succ\u00e8s esth\u00e9tique complet du patient. D&rsquo;autre part, la vitesse de r\u00e9cup\u00e9ration individuelle d\u00e9pend fortement de la stricte adh\u00e9sion personnelle aux protocoles m\u00e9dicaux fournis.<\/p>\n\n\n\n<ul class=\"wp-block-list\">\n<li>Premi\u00e8re Semaine : Repos tr\u00e8s strict avec une position de t\u00eate fortement et constamment sur\u00e9lev\u00e9e.<\/li>\n\n\n\n<li>Septi\u00e8me Jour : Retrait clinique extr\u00eamement s\u00fbr et totalement indolore des sutures chirurgicales fines.<\/li>\n\n\n\n<li>Deuxi\u00e8me Semaine : R\u00e9duction significative et tr\u00e8s visible de tout gonflement tissulaire facial r\u00e9siduel.<\/li>\n\n\n\n<li>Premier Mois : Retour progressif et tr\u00e8s r\u00e9gulier d&rsquo;une sensation normale compl\u00e8te du cuir chevelu.<\/li>\n\n\n\n<li>Troisi\u00e8me Mois : La cicatrice d&rsquo;incision chirurgicale commence \u00e0 s&rsquo;estomper remarquablement et tr\u00e8s rapidement.<\/li>\n\n\n\n<li>Sixi\u00e8me Mois : Croissance active des cheveux naturels directement \u00e0 travers la cicatrice compl\u00e8tement et parfaitement gu\u00e9rie.<\/li>\n\n\n\n<li>Premi\u00e8re Ann\u00e9e : Atteinte du r\u00e9sultat esth\u00e9tique final, totalement irr\u00e9prochable, absolu et d\u00e9finitivement parfait.<\/li>\n<\/ul>\n\n\n\n<p class=\"wp-block-paragraph\">Par cons\u00e9quent, faire preuve d&rsquo;une immense patience et afficher une stricte conformit\u00e9 m\u00e9dicale garantit totalement une r\u00e9cup\u00e9ration esth\u00e9tique sans faille et pratiquement invisible.<\/p>\n\n\n\n<hr class=\"wp-block-separator has-alpha-channel-opacity\" \/>\n\n\n\n<h2 class=\"wp-block-heading\">Histoires R\u00e9elles de Patients<\/h2>\n\n\n\n<p class=\"wp-block-paragraph\">Mon Exp\u00e9rience de R\u00e9duction du Front en Turquie refl\u00e8te fid\u00e8lement et parfaitement les parcours m\u00e9dicaux profond\u00e9ment transformateurs et bouleversants d&rsquo;innombrables autres patients internationaux extr\u00eamement satisfaits de la clinique. De plus, ces transformations authentiques incroyables soulignent avec force l&rsquo;impact psychologique massif d&rsquo;une chirurgie esth\u00e9tique r\u00e9alis\u00e9e par des experts d&rsquo;\u00e9lite.<\/p>\n\n\n\n<p class=\"wp-block-paragraph\"><strong>Sophie, 34 ans :<\/strong> \u00ab\u00a0Pendant plusieurs d\u00e9cennies, j&rsquo;ai intens\u00e9ment cach\u00e9 mon front massif et tr\u00e8s disproportionn\u00e9 derri\u00e8re une frange lourde et profond\u00e9ment frustrante. D\u00e9couvrir l&rsquo;expertise m\u00e9dicale incroyable de <a target=\"_blank\" rel=\"noreferrer noopener\" href=\"https:\/\/floryaaesthetic.com\/\">Florya Aesthetic<\/a> a compl\u00e8tement et positivement chang\u00e9 tout dans ma vie quotidienne. Les soins VIP d&rsquo;\u00e9lite \u00e9taient absolument impeccables, et la chirurgie de pointe s&rsquo;est r\u00e9v\u00e9l\u00e9e enti\u00e8rement indolore du d\u00e9but \u00e0 la fin. Aujourd&rsquo;hui, je porte mes cheveux tir\u00e9s en arri\u00e8re avec une grande confiance, me sentant compl\u00e8tement lib\u00e9r\u00e9e, immens\u00e9ment belle et finalement en paix avec mes proportions.\u00a0\u00bb<\/p>\n\n\n\n<p class=\"wp-block-paragraph\"><strong>Marc, 28 ans :<\/strong> \u00ab\u00a0Une ligne de cheveux naturellement haute et reculante me faisait para\u00eetre consid\u00e9rablement plus \u00e2g\u00e9 que mon \u00e2ge r\u00e9el, d\u00e9truisant totalement ma pr\u00e9cieuse confiance en moi. J&rsquo;ai ardemment opt\u00e9 pour une proc\u00e9dure hautement avanc\u00e9e combinant l&rsquo;abaissement chirurgical et la greffe de follicules capillaires. Les installations hospitali\u00e8res d&rsquo;Istanbul ont consid\u00e9rablement d\u00e9pass\u00e9 mes attentes les plus folles. Par cons\u00e9quent, les r\u00e9sultats impeccables et totalement ind\u00e9tectables ont magnifiquement restaur\u00e9 mon apparence de jeunesse et transform\u00e9 miraculeusement toute ma vie sociale.\u00a0\u00bb<\/p>\n\n\n\n<hr class=\"wp-block-separator has-alpha-channel-opacity\" \/>\n\n\n\n<h2 class=\"wp-block-heading\">Normes Mondiales de S\u00e9curit\u00e9<\/h2>\n\n\n\n<p class=\"wp-block-paragraph\">Mon Exp\u00e9rience de R\u00e9duction du Front en Turquie a confirm\u00e9 sans \u00e9quivoque que la s\u00e9curit\u00e9 clinique absolue demeure la plus haute priorit\u00e9 op\u00e9rationnelle incontestable pour toute l&rsquo;\u00e9quipe m\u00e9dicale hautement d\u00e9vou\u00e9e. En outre, aucune concession n&rsquo;est jamais tol\u00e9r\u00e9e concernant l&rsquo;hygi\u00e8ne stricte. <strong>(Selon <a target=\"_blank\" rel=\"noreferrer noopener\" href=\"https:\/\/www.who.int\/\">WHO<\/a>, l&rsquo;adh\u00e9sion stricte, in\u00e9branlable et constante aux protocoles internationaux de st\u00e9rilisation \u00e9tablis minimise drastiquement le risque catastrophique potentiel d&rsquo;infections du site chirurgical postop\u00e9ratoire).<\/strong><\/p>\n\n\n\n<ul class=\"wp-block-list\">\n<li>Ex\u00e9cution de chirurgies tr\u00e8s complexes au sein d&rsquo;installations hospitali\u00e8res d&rsquo;\u00e9lite accr\u00e9dit\u00e9es JCI.<\/li>\n\n\n\n<li>Utilisation de blocs op\u00e9ratoires chirurgicaux st\u00e9riles hautement avanc\u00e9s et rigoureusement filtr\u00e9s par HEPA.<\/li>\n\n\n\n<li>Emploi exclusif de chirurgiens plasticiens experts, tr\u00e8s exp\u00e9riment\u00e9s et certifi\u00e9s au niveau international.<\/li>\n\n\n\n<li>R\u00e9alisation d&rsquo;\u00e9valuations cardiaques pr\u00e9op\u00e9ratoires rigoureuses, obligatoires et d&rsquo;analyses sanguines \u00e9tendues compl\u00e8tes.<\/li>\n\n\n\n<li>Maintien d&rsquo;une surveillance continue et tr\u00e8s avanc\u00e9e des signes vitaux pendant l&rsquo;anesth\u00e9sie totale.<\/li>\n\n\n\n<li>Mise en \u0153uvre stricte, de politiques d&rsquo;\u00e9quipement m\u00e9dical st\u00e9rile jetable \u00e0 usage unique sans compromis.<\/li>\n\n\n\n<li>Application rigoureuse de protocoles de contr\u00f4le des infections cliniques quotidiennement reconnus mondialement.<\/li>\n<\/ul>\n\n\n\n<p class=\"wp-block-paragraph\">Par cons\u00e9quent, les patients internationaux profitent constamment d&rsquo;une tranquillit\u00e9 d&rsquo;esprit psychologique profonde, sachant intimement que leur pr\u00e9cieuse sant\u00e9 est intens\u00e9ment et parfaitement prot\u00e9g\u00e9e.<\/p>\n\n\n\n<hr class=\"wp-block-separator has-alpha-channel-opacity\" \/>\n\n\n\n<h2 class=\"wp-block-heading\">Conseils de Pro Exclusifs \ud83d\udca1<\/h2>\n\n\n\n<p class=\"wp-block-paragraph\">Mon Exp\u00e9rience de R\u00e9duction du Front en Turquie m&rsquo;a enseign\u00e9 des secrets d&rsquo;initi\u00e9s incroyablement pr\u00e9cieux, alors \u00e9coutez tr\u00e8s attentivement si vous voulez absolument obtenir ce r\u00e9sultat de niveau hollywoodien totalement parfait. Honn\u00eatement, d\u00e9crocher le r\u00e9sultat esth\u00e9tique absolu parfait ne consiste pas seulement \u00e0 choisir un chirurgien g\u00e9nial et ultra-dou\u00e9 chez <a target=\"_blank\" rel=\"noreferrer noopener\" href=\"https:\/\/floryaaesthetic.com\/\">Florya Aesthetic<\/a> ; cela d\u00e9pend \u00e9norm\u00e9ment de la fa\u00e7on exacte dont vous g\u00e9rez rigoureusement votre r\u00e9cup\u00e9ration \u00e0 la maison. Tout d&rsquo;abord, vous devez absolument dormir avec la t\u00eate bien soutenue tr\u00e8s haut sur deux oreillers fermes et \u00e9pais pendant les cinq premi\u00e8res nuits d&rsquo;affil\u00e9e pour \u00e9craser ce gonflement facial incroyablement rapidement. En outre, vous devez strictement, farouchement \u00e9viter toute exposition directe \u00e0 la forte lumi\u00e8re du soleil sur votre ligne d&rsquo;incision fra\u00eeche pendant plusieurs mois entiers, car les puissants rayons UV vont rapidement transformer cette ligne rose d\u00e9licate en une cicatrice sombre tr\u00e8s remarquable et permanente. Enfin, ne paniquez vraiment pas et ne stressez absolument pas si votre front semble compl\u00e8tement engourdi et \u00e9trange pendant un moment ; ces minuscules nerfs microscopiques finissent toujours par se r\u00e9veiller et se reconnecter, alors faites simplement confiance au fastidieux processus de gu\u00e9rison naturel.<\/p>\n\n\n\n<hr class=\"wp-block-separator has-alpha-channel-opacity\" \/>\n\n\n\n<h2 class=\"wp-block-heading\">Analyse Diff\u00e9rentielle : Chirurgie vs Greffe<\/h2>\n\n\n\n<p class=\"wp-block-paragraph\">Mon Exp\u00e9rience de R\u00e9duction du Front en Turquie m&rsquo;a oblig\u00e9 \u00e0 comparer soigneusement, hautement et analytiquement l&rsquo;avancement chirurgical direct et radical par rapport aux greffes folliculaires standardis\u00e9es r\u00e9guli\u00e8res. Par cons\u00e9quent, comprendre en profondeur la distinction m\u00e9dicale complexe entre ces deux proc\u00e9dures majeures reste absolument vital pour le succ\u00e8s du patient.<\/p>\n\n\n\n<p class=\"wp-block-paragraph\">L&rsquo;abaissement chirurgical retire physiquement et instantan\u00e9ment le tissu cutan\u00e9 exc\u00e9dentaire du front, avan\u00e7ant imm\u00e9diatement et de fa\u00e7on tr\u00e8s spectaculaire la ligne compl\u00e8te des cheveux jusqu&rsquo;\u00e0 3 centim\u00e8tres au cours d&rsquo;une seule journ\u00e9e d&rsquo;intervention chirurgicale tr\u00e8s efficace. Cette approche tr\u00e8s sp\u00e9cifique est absolument parfaite et id\u00e9ale pour les femmes dot\u00e9es de cheveux tr\u00e8s denses mais accabl\u00e9es par un os frontal pro\u00e9minent et naturellement tr\u00e8s haut. D&rsquo;autre part, les greffes de cheveux standardis\u00e9es n\u00e9cessitent strictement l&rsquo;extraction minutieuse et ardue des follicules pileux individuels et l&rsquo;attente d&rsquo;une p\u00e9riode ext\u00e9nuante de douze mois entiers pour une croissance capillaire compl\u00e8te et visible. Les greffes restent math\u00e9matiquement et m\u00e9dicalement sup\u00e9rieures pour les hommes connaissant activement une calvitie masculine agressive et progressive. Cependant, la combinaison intelligente des deux approches chirurgicales simultan\u00e9ment donne la densit\u00e9 capillaire absolue ultime et la ligne de cheveux la plus basse et parfaitement naturelle math\u00e9matiquement possible. <strong>(Selon <a target=\"_blank\" rel=\"noreferrer noopener\" href=\"https:\/\/my.clevelandclinic.org\/\">Cleveland Clinic<\/a>, la combinaison transparente de modalit\u00e9s cosm\u00e9tiques hautement compl\u00e9mentaires produit tr\u00e8s souvent des r\u00e9sultats esth\u00e9tiques multidimensionnels largement sup\u00e9rieurs par rapport au simple recours \u00e0 des traitements isol\u00e9s).<\/strong><\/p>\n\n\n\n<hr class=\"wp-block-separator has-alpha-channel-opacity\" \/>\n\n\n\n<figure class=\"wp-block-image size-large\"><img decoding=\"async\" width=\"1024\" height=\"635\" src=\"https:\/\/floryaaesthetic.com\/wp-content\/uploads\/2026\/02\/My-Experience-with-Forehead-Reduction-in-Turkey-3-1024x635.jpg\" alt=\"M\u00e9decin souriant avec le pont du Bosphore \u00e0 Istanbul en arri\u00e8re-plan.\" class=\"wp-image-40494\" srcset=\"https:\/\/floryaaesthetic.com\/wp-content\/uploads\/2026\/02\/My-Experience-with-Forehead-Reduction-in-Turkey-3-1024x635.jpg 1024w, https:\/\/floryaaesthetic.com\/wp-content\/uploads\/2026\/02\/My-Experience-with-Forehead-Reduction-in-Turkey-3-300x186.jpg 300w, https:\/\/floryaaesthetic.com\/wp-content\/uploads\/2026\/02\/My-Experience-with-Forehead-Reduction-in-Turkey-3-768x476.jpg 768w, https:\/\/floryaaesthetic.com\/wp-content\/uploads\/2026\/02\/My-Experience-with-Forehead-Reduction-in-Turkey-3.jpg 1080w\" sizes=\"(max-width: 1024px) 100vw, 1024px\" \/><figcaption class=\"wp-element-caption\">M\u00e9decin souriant avec le pont du Bosphore \u00e0 Istanbul en arri\u00e8re-plan.<\/figcaption><\/figure>\n\n\n\n<h2 class=\"wp-block-heading\">\u00c9tapes de R\u00e9servation et Logistique<\/h2>\n\n\n\n<p class=\"wp-block-paragraph\">Mon Exp\u00e9rience de R\u00e9duction du Front en Turquie a \u00e9t\u00e9 rendue \u00e9tonnamment simple et tr\u00e8s relaxante gr\u00e2ce \u00e0 des coordinateurs de voyages m\u00e9dicaux hautement d\u00e9vou\u00e9s et extr\u00eamement professionnels sur place. De surcro\u00eet, une organisation logistique m\u00e9ticuleuse et sans faille \u00e9limine compl\u00e8tement toute anxi\u00e9t\u00e9 potentielle li\u00e9e au voyage pour les patients internationaux.<\/p>\n\n\n\n<ul class=\"wp-block-list\">\n<li>Initiation d&rsquo;une consultation photo en ligne totalement gratuite et tr\u00e8s d\u00e9taill\u00e9e via WhatsApp.<\/li>\n\n\n\n<li>R\u00e9ception instantan\u00e9e d&rsquo;un devis chirurgical tout compris, totalement transparent et parfaitement pr\u00e9cis.<\/li>\n\n\n\n<li>S\u00e9lection de dates hautement pratiques et personnalis\u00e9es pour l&rsquo;intervention chirurgicale majeure planifi\u00e9e.<\/li>\n\n\n\n<li>R\u00e9servation de billets d&rsquo;avion standard directement vers les grands a\u00e9roports internationaux d&rsquo;Istanbul m\u00e9tropolitaine.<\/li>\n\n\n\n<li>Profiter d&rsquo;une prise en charge VIP luxueuse, incroyablement rapide \u00e0 l&rsquo;a\u00e9roport d\u00e8s l&rsquo;arriv\u00e9e imm\u00e9diate.<\/li>\n\n\n\n<li>Subir des protocoles de tests m\u00e9dicaux hospitaliers pr\u00e9-chirurgicaux tr\u00e8s complets et stricts obligatoires.<\/li>\n\n\n\n<li>Se d\u00e9tendre confortablement \u00e0 l&rsquo;int\u00e9rieur de chambres d&rsquo;h\u00f4tel premium tr\u00e8s luxueuses avant l&rsquo;op\u00e9ration majeure.<\/li>\n<\/ul>\n\n\n\n<p class=\"wp-block-paragraph\">En cons\u00e9quence, ce processus extr\u00eamement rationalis\u00e9 et remarquablement efficace permet aux patients nerveux de se concentrer enti\u00e8rement sur leur incroyable transformation personnelle \u00e0 venir.<\/p>\n\n\n\n<hr class=\"wp-block-separator has-alpha-channel-opacity\" \/>\n\n\n\n<h2 class=\"wp-block-heading\">Conclusion et R\u00e9flexions Finales<\/h2>\n\n\n\n<p class=\"wp-block-paragraph\">En conclusion, entreprendre Mon Exp\u00e9rience de R\u00e9duction du Front en Turquie s&rsquo;est av\u00e9r\u00e9 \u00eatre l&rsquo;investissement financier et \u00e9motionnel de loin le plus profond\u00e9ment gratifiant dans la construction de ma confiance personnelle en moi. La proc\u00e9dure de pointe (Forehead Reduction in Turkey) a fourni de mani\u00e8re tout \u00e0 fait impeccable des r\u00e9sultats \u00e9poustouflants et strictement permanents tout en maintenant rigoureusement les normes de s\u00e9curit\u00e9 clinique maximales et absolues. De plus, placer ma confiance absolue en l&rsquo;expertise reconnue de <a target=\"_blank\" rel=\"noreferrer noopener\" href=\"https:\/\/floryaaesthetic.com\/\">Florya Aesthetic<\/a> a strictement garanti des vacances m\u00e9dicales internationales hautement luxueuses, s\u00e9curis\u00e9es et compl\u00e8tement d\u00e9pourvues de stress toxique. Finalement, Mon Exp\u00e9rience de R\u00e9duction du Front en Turquie a effac\u00e9 de fa\u00e7on permanente, d\u00e9finitive et magnifiquement mes ins\u00e9curit\u00e9s physiques les plus profondes et les plus sombres pour toujours. \u00cates-vous enfin pr\u00eat \u00e0 devenir le prochain candidat id\u00e9al et parfait, \u00e0 sortir courageusement de l&rsquo;ombre de la g\u00eane, et \u00e0 revendiquer agressivement et d\u00e8s aujourd&rsquo;hui l&rsquo;harmonie faciale totalement irr\u00e9prochable que vous m\u00e9ritez si richement et avec insistance ?<\/p>\n\n\n\n<hr class=\"wp-block-separator has-alpha-channel-opacity\" \/>\n\n\n\n<h2 class=\"wp-block-heading\">Foire Aux Questions<\/h2>\n\n\n\n<p class=\"wp-block-paragraph\">Mon Exp\u00e9rience de R\u00e9duction du Front en Turquie soul\u00e8ve tr\u00e8s naturellement plusieurs questions cliniques hautement critiques et profond\u00e9ment importantes pour les patients internationaux prospectifs extr\u00eamement curieux. C&rsquo;est pourquoi j&rsquo;ai m\u00e9ticuleusement compil\u00e9 ces r\u00e9ponses m\u00e9dicalement tr\u00e8s pr\u00e9cises pour aborder les pr\u00e9occupations les plus urgentes et courantes de chacun. Mon Exp\u00e9rience de R\u00e9duction du Front en Turquie contient toute la v\u00e9rit\u00e9 absolue dont vous avez v\u00e9ritablement besoin aujourd&rsquo;hui.<\/p>\n\n\n\n<h3 class=\"wp-block-heading\">La chirurgie d&rsquo;abaissement de la ligne des cheveux est-elle douloureuse ?<\/h3>\n\n\n\n<p class=\"wp-block-paragraph\">Mon Exp\u00e9rience de R\u00e9duction du Front en Turquie confirme de mani\u00e8re tout \u00e0 fait d\u00e9finitive et formelle que la proc\u00e9dure chirurgicale sp\u00e9cialis\u00e9e est enti\u00e8rement et compl\u00e8tement indolore, puisqu&rsquo;elle est r\u00e9alis\u00e9e par des experts d&rsquo;\u00e9lite sous une anesth\u00e9sie g\u00e9n\u00e9rale totale et rigoureusement surveill\u00e9e. Par la suite, les patients internationaux en phase de convalescence ne ressentent qu&rsquo;une l\u00e9g\u00e8re oppression cutan\u00e9e hautement g\u00e9rable et un tr\u00e8s l\u00e9ger inconfort superficiel, qui sont tous deux tr\u00e8s facilement et rapidement contr\u00f4l\u00e9s \u00e0 l&rsquo;aide de puissants analg\u00e9siques oraux m\u00e9dicalement prescrits par le personnel hospitalier au cours des tout premiers jours cruciaux de gu\u00e9rison.<\/p>\n\n\n\n<h3 class=\"wp-block-heading\">De combien de centim\u00e8tres la ligne des cheveux peut-elle \u00eatre abaiss\u00e9e ?<\/h3>\n\n\n\n<p class=\"wp-block-paragraph\">G\u00e9n\u00e9ralement, un chirurgien plasticien qualifi\u00e9 et hautement exp\u00e9riment\u00e9 peut faire avancer la ligne des cheveux en toute s\u00e9curit\u00e9 et de mani\u00e8re tr\u00e8s efficace d&rsquo;une distance exacte comprise entre 1,5 et pr\u00e9cis\u00e9ment 3 centim\u00e8tres lors de la chirurgie. Cependant, cette distance pr\u00e9cise et math\u00e9matiquement calcul\u00e9e \u00e0 l&rsquo;avance d\u00e9pend tr\u00e8s fortement de la laxit\u00e9 unique de la peau du cuir chevelu du patient individuel examin\u00e9 et de la structure osseuse faciale sous-jacente tr\u00e8s complexe, qui est rigoureusement et cliniquement d\u00e9termin\u00e9e lors de l&rsquo;indispensable consultation physique et m\u00e9dicale initiale en clinique.<\/p>\n\n\n\n<h3 class=\"wp-block-heading\">Quand verrai-je les r\u00e9sultats d\u00e9finitifs de la chirurgie esth\u00e9tique ?<\/h3>\n\n\n\n<p class=\"wp-block-paragraph\">Vous remarquerez absolument et sans l&rsquo;ombre d&rsquo;un doute une r\u00e9duction drastique, imm\u00e9diate et massive de la taille globale de votre grand front pro\u00e9minent \u00e0 la seconde exacte o\u00f9 les pansements chirurgicaux st\u00e9riles seront tr\u00e8s d\u00e9licatement retir\u00e9s par l&rsquo;infirmi\u00e8re. Cependant, le r\u00e9sultat esth\u00e9tique absolument final, enti\u00e8rement impeccable et totalement naturel devient extraordinairement apparent et \u00e9vident une fois que tout gonflement microscopique des tissus sous-jacents a compl\u00e8tement disparu et que la fine cicatrice chirurgicale irr\u00e9guli\u00e8re a enti\u00e8rement m\u00fbri, ce qui se produit g\u00e9n\u00e9ralement dans un d\u00e9lai tr\u00e8s standard de 3 \u00e0 6 mois postop\u00e9ratoires continus.<\/p>\n","protected":false},"excerpt":{"rendered":"<p>Mon Exp\u00e9rience de R\u00e9duction du Front en Turquie (Forehead Reduction in Turkey) a \u00e9t\u00e9 un \u00e9v\u00e9nement v\u00e9ritablement spectaculaire qui a fondamentalement chang\u00e9 ma perception de moi-m\u00eame et ma vie quotidienne. En outre, l&rsquo;\u00e9quipe sp\u00e9cialis\u00e9e de Florya Aesthetic a fourni une prise en charge m\u00e9dicale luxueuse d&rsquo;une qualit\u00e9 absolument in\u00e9gal\u00e9e sur le march\u00e9 international de l&rsquo;esth\u00e9tique. [&hellip;]<\/p>\n","protected":false},"author":7,"featured_media":40495,"comment_status":"open","ping_status":"open","sticky":false,"template":"","format":"standard","meta":{"ocean_front_end_style_editor":"no","ocean_post_layout":"","ocean_both_sidebars_style":"","ocean_both_sidebars_content_width":0,"ocean_both_sidebars_sidebars_width":0,"ocean_sidebar":"","ocean_second_sidebar":"","ocean_disable_margins":"enable","ocean_add_body_class":"","ocean_shortcode_before_top_bar":"","ocean_shortcode_after_top_bar":"","ocean_shortcode_before_header":"","ocean_shortcode_after_header":"","ocean_has_shortcode":"","ocean_shortcode_after_title":"","ocean_shortcode_before_footer_widgets":"","ocean_shortcode_after_footer_widgets":"","ocean_shortcode_before_footer_bottom":"","ocean_shortcode_after_footer_bottom":"","ocean_display_top_bar":"default","ocean_display_header":"default","ocean_header_style":"","ocean_center_header_left_menu":"","ocean_custom_header_template":"","ocean_custom_logo":0,"ocean_custom_retina_logo":0,"ocean_custom_logo_max_width":0,"ocean_custom_logo_tablet_max_width":0,"ocean_custom_logo_mobile_max_width":0,"ocean_custom_logo_max_height":0,"ocean_custom_logo_tablet_max_height":0,"ocean_custom_logo_mobile_max_height":0,"ocean_header_custom_menu":"","ocean_menu_typo_font_family":"","ocean_menu_typo_font_subset":"","ocean_menu_typo_font_size":0,"ocean_menu_typo_font_size_tablet":0,"ocean_menu_typo_font_size_mobile":0,"ocean_menu_typo_font_size_unit":"px","ocean_menu_typo_font_weight":"","ocean_menu_typo_font_weight_tablet":"","ocean_menu_typo_font_weight_mobile":"","ocean_menu_typo_transform":"","ocean_menu_typo_transform_tablet":"","ocean_menu_typo_transform_mobile":"","ocean_menu_typo_line_height":0,"ocean_menu_typo_line_height_tablet":0,"ocean_menu_typo_line_height_mobile":0,"ocean_menu_typo_line_height_unit":"","ocean_menu_typo_spacing":0,"ocean_menu_typo_spacing_tablet":0,"ocean_menu_typo_spacing_mobile":0,"ocean_menu_typo_spacing_unit":"","ocean_menu_link_color":"","ocean_menu_link_color_hover":"","ocean_menu_link_color_active":"","ocean_menu_link_background":"","ocean_menu_link_hover_background":"","ocean_menu_link_active_background":"","ocean_menu_social_links_bg":"","ocean_menu_social_hover_links_bg":"","ocean_menu_social_links_color":"","ocean_menu_social_hover_links_color":"","ocean_disable_title":"default","ocean_disable_heading":"default","ocean_post_title":"","ocean_post_subheading":"","ocean_post_title_style":"","ocean_post_title_background_color":"","ocean_post_title_background":0,"ocean_post_title_bg_image_position":"","ocean_post_title_bg_image_attachment":"","ocean_post_title_bg_image_repeat":"","ocean_post_title_bg_image_size":"","ocean_post_title_height":0,"ocean_post_title_bg_overlay":0.5,"ocean_post_title_bg_overlay_color":"","ocean_disable_breadcrumbs":"default","ocean_breadcrumbs_color":"","ocean_breadcrumbs_separator_color":"","ocean_breadcrumbs_links_color":"","ocean_breadcrumbs_links_hover_color":"","ocean_display_footer_widgets":"default","ocean_display_footer_bottom":"default","ocean_custom_footer_template":"","ofc_meta_disable_footer_callout":"","ofc_meta_callout_button_url":"","ofc_meta_callout_button_txt":"","ofc_meta_callout_text":"","ofc_enable_fullscreen":"disable","ofc_fullscreen_speed":0,"ofc_fullscreen_nav":"enable","ofc_fullscreen_nav_pos":"right","ofc_fullscreen_nav_color":"","ofc_fullscreen_nav_tooltip_color":"","ofc_fullscreen_responsive":0,"osh_disable_topbar_sticky":"default","osh_disable_header_sticky":"default","osh_sticky_header_style":"default","osh_sticky_header_effect":"","osh_custom_sticky_logo":0,"osh_custom_retina_sticky_logo":0,"osh_custom_sticky_logo_height":0,"osh_background_color":"","osh_links_color":"","osh_links_hover_color":"","osh_links_active_color":"","osh_links_bg_color":"","osh_links_hover_bg_color":"","osh_links_active_bg_color":"","osh_menu_social_links_color":"","osh_menu_social_hover_links_color":"","_joinchat":[],"ocean_post_oembed":"","ocean_post_self_hosted_media":"","ocean_post_video_embed":"","ocean_link_format":"","ocean_link_format_target":"self","ocean_quote_format":"","ocean_quote_format_link":"post","ocean_gallery_link_images":"on","ocean_gallery_id":[],"footnotes":""},"categories":[1619],"tags":[25763,4649,2812,25769,20039,1346,1563,1555,29203,29205,29204,10223,3818,25846,4422,3237,6100,3690,8781,4733,25760,2251,29202,1901,9786],"class_list":["post-40496","post","type-post","status-publish","format-standard","has-post-thumbnail","hentry","category-blog","tag-abaissement-ligne-frontale","tag-avant-apres","tag-beaute","tag-chirurgie-capillaire","tag-chirurgie-du-visage","tag-chirurgie-esthetique","tag-chirurgie-plastique","tag-clinique-esthetique","tag-contour-du-front","tag-equilibre-facial","tag-esthetique-femme","tag-experience-patient","tag-florya","tag-guerison","tag-istanbul","tag-lifting-frontal","tag-medecins-experts","tag-meilleurs-chirurgiens","tag-prix-chirurgie","tag-recuperation","tag-reduction-du-front","tag-resultats-naturels","tag-temoignage","tag-tourisme-medical","tag-turquie","entry","has-media"],"_links":{"self":[{"href":"https:\/\/floryaaesthetic.com\/fr\/wp-json\/wp\/v2\/posts\/40496","targetHints":{"allow":["GET"]}}],"collection":[{"href":"https:\/\/floryaaesthetic.com\/fr\/wp-json\/wp\/v2\/posts"}],"about":[{"href":"https:\/\/floryaaesthetic.com\/fr\/wp-json\/wp\/v2\/types\/post"}],"author":[{"embeddable":true,"href":"https:\/\/floryaaesthetic.com\/fr\/wp-json\/wp\/v2\/users\/7"}],"replies":[{"embeddable":true,"href":"https:\/\/floryaaesthetic.com\/fr\/wp-json\/wp\/v2\/comments?post=40496"}],"version-history":[{"count":0,"href":"https:\/\/floryaaesthetic.com\/fr\/wp-json\/wp\/v2\/posts\/40496\/revisions"}],"wp:featuredmedia":[{"embeddable":true,"href":"https:\/\/floryaaesthetic.com\/fr\/wp-json\/wp\/v2\/media\/40495"}],"wp:attachment":[{"href":"https:\/\/floryaaesthetic.com\/fr\/wp-json\/wp\/v2\/media?parent=40496"}],"wp:term":[{"taxonomy":"category","embeddable":true,"href":"https:\/\/floryaaesthetic.com\/fr\/wp-json\/wp\/v2\/categories?post=40496"},{"taxonomy":"post_tag","embeddable":true,"href":"https:\/\/floryaaesthetic.com\/fr\/wp-json\/wp\/v2\/tags?post=40496"}],"curies":[{"name":"wp","href":"https:\/\/api.w.org\/{rel}","templated":true}]}}