{"id":35212,"date":"2026-02-07T16:39:09","date_gmt":"2026-02-07T13:39:09","guid":{"rendered":"https:\/\/floryaaesthetic.com\/?p=35212"},"modified":"2026-02-07T16:39:10","modified_gmt":"2026-02-07T13:39:10","slug":"lifting-visage-turquie","status":"publish","type":"post","link":"https:\/\/floryaaesthetic.com\/fr\/35212\/lifting-visage-turquie\/","title":{"rendered":"Lifting Visage Turquie | 5 \u00c9tapes Cl\u00e9s"},"content":{"rendered":"\n<p class=\"wp-block-paragraph\">Envisager un <strong>Lifting Visage Turquie<\/strong> (Rhytidectomie) est une d\u00e9marche d\u00e9cisive pour ceux qui souhaitent inverser les signes visibles du vieillissement et retrouver une harmonie faciale perdue. <strong><a target=\"_blank\" rel=\"noreferrer noopener\" href=\"https:\/\/floryaaesthetic.com\/\">Florya Aesthetic<\/a><\/strong> s&rsquo;impose comme une r\u00e9f\u00e9rence incontournable, alliant expertise chirurgicale de pointe et soins de luxe pour offrir des r\u00e9sultats naturels et durables.<\/p>\n\n\n\n<hr class=\"wp-block-separator has-alpha-channel-opacity\" \/>\n\n\n\n<h2 class=\"wp-block-heading\">L&rsquo;essentiel sur le Lifting Visage Turquie<\/h2>\n\n\n\n<p class=\"wp-block-paragraph\">Le <strong>Lifting Visage Turquie<\/strong> constitue la solution chirurgicale la plus efficace pour traiter le rel\u00e2chement cutan\u00e9 profond, les rides marqu\u00e9es et la perte de tonus musculaire au niveau du visage et du cou. Contrairement aux traitements non invasifs, cette intervention red\u00e9finit structurellement l&rsquo;anatomie faciale en retendant les tissus sous-jacents (SMAS) et en \u00e9liminant l&rsquo;exc\u00e8s de peau. Par cons\u00e9quent, les patients b\u00e9n\u00e9ficient d&rsquo;un rajeunissement global d&rsquo;environ dix ans tout en conservant leurs expressions naturelles.<\/p>\n\n\n\n<hr class=\"wp-block-separator has-alpha-channel-opacity\" \/>\n\n\n\n<figure class=\"wp-block-image size-large\"><img fetchpriority=\"high\" decoding=\"async\" width=\"1024\" height=\"635\" src=\"https:\/\/floryaaesthetic.com\/wp-content\/uploads\/2026\/02\/Facelift-in-Turkey-1024x635.jpg\" alt=\"M\u00e9decin accueillant pour une chirurgie esth\u00e9tique avec la tour de Galata en fond.\" class=\"wp-image-35208\" srcset=\"https:\/\/floryaaesthetic.com\/wp-content\/uploads\/2026\/02\/Facelift-in-Turkey-1024x635.jpg 1024w, https:\/\/floryaaesthetic.com\/wp-content\/uploads\/2026\/02\/Facelift-in-Turkey-300x186.jpg 300w, https:\/\/floryaaesthetic.com\/wp-content\/uploads\/2026\/02\/Facelift-in-Turkey-768x476.jpg 768w, https:\/\/floryaaesthetic.com\/wp-content\/uploads\/2026\/02\/Facelift-in-Turkey.jpg 1080w\" sizes=\"(max-width: 1024px) 100vw, 1024px\" \/><figcaption class=\"wp-element-caption\">M\u00e9decin accueillant pour une chirurgie esth\u00e9tique avec la tour de Galata en fond.<\/figcaption><\/figure>\n\n\n\n<h2 class=\"wp-block-heading\">Candidats id\u00e9aux pour un Lifting Visage Turquie<\/h2>\n\n\n\n<p class=\"wp-block-paragraph\">D\u00e9terminer l&rsquo;\u00e9ligibilit\u00e9 pour un <strong>Lifting Visage Turquie<\/strong> n\u00e9cessite une analyse approfondie de l&rsquo;\u00e9lasticit\u00e9 de la peau et de la structure osseuse pour garantir un r\u00e9sultat optimal. De plus, le candidat id\u00e9al est une personne en bonne sant\u00e9 g\u00e9n\u00e9rale cherchant une am\u00e9lioration esth\u00e9tique r\u00e9aliste.<\/p>\n\n\n\n<ul class=\"wp-block-list\">\n<li><strong>Affaissement des joues:<\/strong> Perte de d\u00e9finition au niveau de l&rsquo;ovale du visage.<\/li>\n\n\n\n<li><strong>Sillons nasog\u00e9niens profonds:<\/strong> Rides marqu\u00e9es allant du nez aux coins de la bouche.<\/li>\n\n\n\n<li><strong>Rel\u00e2chement du cou:<\/strong> Apparition de fanons ou \u00ab\u00a0cou de dindon\u00a0\u00bb due aux muscles.<\/li>\n\n\n\n<li><strong>Perte de volume:<\/strong> Visage semblant fatigu\u00e9 ou creus\u00e9 malgr\u00e9 le repos.<\/li>\n\n\n\n<li><strong>Exc\u00e8s de peau:<\/strong> Peau frip\u00e9e ne r\u00e9pondant plus aux injections de comblement.<\/li>\n\n\n\n<li><strong>Poids stable:<\/strong> Maintien d&rsquo;un poids constant pour assurer la p\u00e9rennit\u00e9 du r\u00e9sultat.<\/li>\n<\/ul>\n\n\n\n<p class=\"wp-block-paragraph\">En outre, les chirurgiens exigent un historique m\u00e9dical complet avant de valider toute proc\u00e9dure.<\/p>\n\n\n\n<hr class=\"wp-block-separator has-alpha-channel-opacity\" \/>\n\n\n\n<h2 class=\"wp-block-heading\">Pourquoi choisir un Lifting Visage Turquie chez Florya ?<\/h2>\n\n\n\n<p class=\"wp-block-paragraph\">Opter pour un <strong>Lifting Visage Turquie<\/strong> chez <strong><a target=\"_blank\" rel=\"noreferrer noopener\" href=\"https:\/\/floryaaesthetic.com\/\">Florya Aesthetic<\/a><\/strong> permet d&rsquo;acc\u00e9der \u00e0 une excellence m\u00e9dicale comparable aux standards europ\u00e9ens, mais \u00e0 un co\u00fbt nettement plus avantageux. (Selon l&rsquo;<strong><a target=\"_blank\" rel=\"noreferrer noopener\" href=\"https:\/\/www.isaps.org\/\">ISAPS<\/a><\/strong>, la Turquie figure parmi les leaders mondiaux pour la qualit\u00e9 et le volume des interventions de chirurgie plastique).<\/p>\n\n\n\n<ul class=\"wp-block-list\">\n<li><strong>Chirurgiens Certifi\u00e9s:<\/strong> Experts ma\u00eetrisant les techniques avanc\u00e9es du Deep Plane et SMAS.<\/li>\n\n\n\n<li><strong>Accr\u00e9ditation Internationale:<\/strong> Interventions r\u00e9alis\u00e9es dans des h\u00f4pitaux certifi\u00e9s JCI ou ISO.<\/li>\n\n\n\n<li><strong>Tarifs Tout Compris:<\/strong> Forfaits incluant h\u00f4tel, transferts VIP et m\u00e9dicaments post-op\u00e9ratoires.<\/li>\n\n\n\n<li><strong>Technologie de Pointe:<\/strong> Utilisation de l&rsquo;endoscopie pour minimiser les cicatrices visibles.<\/li>\n\n\n\n<li><strong>Traducteurs Francophones:<\/strong> Assistance linguistique d\u00e9di\u00e9e pour une communication fluide.<\/li>\n\n\n\n<li><strong>Tourisme M\u00e9dical:<\/strong> Opportunit\u00e9 de combiner soins esth\u00e9tiques et d\u00e9couverte d&rsquo;Istanbul.<\/li>\n<\/ul>\n\n\n\n<p class=\"wp-block-paragraph\">D&rsquo;ailleurs, la clinique propose des consultations vid\u00e9o gratuites pour \u00e9valuer vos besoins avant le d\u00e9part.<\/p>\n\n\n\n<hr class=\"wp-block-separator has-alpha-channel-opacity\" \/>\n\n\n\n<h2 class=\"wp-block-heading\">Co\u00fbt d\u00e9taill\u00e9 du Lifting Visage Turquie<\/h2>\n\n\n\n<p class=\"wp-block-paragraph\">L&rsquo;avantage financier du <strong>Lifting Visage Turquie<\/strong> est consid\u00e9rable, permettant souvent d&rsquo;\u00e9conomiser jusqu&rsquo;\u00e0 60% par rapport aux tarifs pratiqu\u00e9s en France ou en Suisse, sans compromis sur la qualit\u00e9. Cette diff\u00e9rence de prix s&rsquo;explique par des co\u00fbts op\u00e9rationnels moindres et non par une baisse de l&rsquo;expertise m\u00e9dicale.<\/p>\n\n\n\n<figure class=\"wp-block-table\"><table class=\"has-fixed-layout\"><thead><tr><td><strong>Type d&rsquo;intervention<\/strong><\/td><td><strong>Turquie (Prix Est.)<\/strong><\/td><td><strong>France (Prix Moy.)<\/strong><\/td><td><strong>Suisse (Prix Moy.)<\/strong><\/td><\/tr><\/thead><tbody><tr><td><strong>Mini Lifting (Mini Facelift)<\/strong><\/td><td><strong>2 500 \u20ac &#8211; 3 500 \u20ac<\/strong><\/td><td>6 000 \u20ac &#8211; 8 000 \u20ac<\/td><td>8 000 CHF &#8211; 12 000 CHF<\/td><\/tr><tr><td><strong>Lifting Complet (SMAS)<\/strong><\/td><td><strong>3 500 \u20ac &#8211; 5 000 \u20ac<\/strong><\/td><td>10 000 \u20ac &#8211; 15 000 \u20ac<\/td><td>15 000 CHF &#8211; 25 000 CHF<\/td><\/tr><tr><td><strong>Lifting Deep Plane<\/strong><\/td><td><strong>4 500 \u20ac &#8211; 6 500 \u20ac<\/strong><\/td><td>15 000 \u20ac &#8211; 20 000 \u20ac<\/td><td>20 000 CHF &#8211; 30 000 CHF<\/td><\/tr><tr><td><strong>Lifting Cervico-Facial<\/strong><\/td><td><strong>4 000 \u20ac &#8211; 6 000 \u20ac<\/strong><\/td><td>12 000 \u20ac &#8211; 18 000 \u20ac<\/td><td>18 000 CHF &#8211; 28 000 CHF<\/td><\/tr><tr><td><strong>Lifting Temporal (Sourcils)<\/strong><\/td><td><strong>2 000 \u20ac &#8211; 3 000 \u20ac<\/strong><\/td><td>4 000 \u20ac &#8211; 6 000 \u20ac<\/td><td>6 000 CHF &#8211; 9 000 CHF<\/td><\/tr><tr><td><strong>Lipofilling (Graisse)<\/strong><\/td><td><strong>1 000 \u20ac &#8211; 1 500 \u20ac<\/strong><\/td><td>3 000 \u20ac &#8211; 5 000 \u20ac<\/td><td>4 000 CHF &#8211; 6 000 CHF<\/td><\/tr><tr><td><strong>Forfait VIP All-Inclusive<\/strong><\/td><td><strong>Nous Contacter<\/strong><\/td><td>Non Disponible<\/td><td>Non Disponible<\/td><\/tr><\/tbody><\/table><\/figure>\n\n\n\n<p class=\"wp-block-paragraph\">Finalement, le devis pr\u00e9cis d\u00e9pendra du plan chirurgical personnalis\u00e9 \u00e9tabli par votre m\u00e9decin.<\/p>\n\n\n\n<hr class=\"wp-block-separator has-alpha-channel-opacity\" \/>\n\n\n\n<h2 class=\"wp-block-heading\">\u00c9tapes techniques du Lifting Visage Turquie<\/h2>\n\n\n\n<p class=\"wp-block-paragraph\">R\u00e9aliser un <strong>Lifting Visage Turquie<\/strong> exige une pr\u00e9cision artistique et le respect strict de protocoles m\u00e9dicaux pour garantir la s\u00e9curit\u00e9 et la sym\u00e9trie. Les chirurgiens de <strong><a target=\"_blank\" rel=\"noreferrer noopener\" href=\"https:\/\/floryaaesthetic.com\/\">Florya Aesthetic<\/a><\/strong> privil\u00e9gient la pr\u00e9servation des expressions naturelles.<\/p>\n\n\n\n<ul class=\"wp-block-list\">\n<li><strong>Anesth\u00e9sie G\u00e9n\u00e9rale:<\/strong> Administration pour assurer un confort total et une absence de douleur.<\/li>\n\n\n\n<li><strong>Incisions Discr\u00e8tes:<\/strong> Trac\u00e9s r\u00e9alis\u00e9s dans la ligne des cheveux et autour de l&rsquo;oreille.<\/li>\n\n\n\n<li><strong>D\u00e9collement Cutan\u00e9:<\/strong> Soul\u00e8vement minutieux de la peau pour acc\u00e9der aux structures profondes.<\/li>\n\n\n\n<li><strong>Redrapage SMAS:<\/strong> Remise en tension du syst\u00e8me musculo-apon\u00e9vrotique superficiel.<\/li>\n\n\n\n<li><strong>R\u00e9section Cutan\u00e9e:<\/strong> \u00c9limination de l&rsquo;exc\u00e9dent de peau sans cr\u00e9er de tension excessive.<\/li>\n\n\n\n<li><strong>Sutures Fines:<\/strong> Fermeture m\u00e9ticuleuse pour favoriser une cicatrisation quasi invisible.<\/li>\n\n\n\n<li><strong>Pansements Compressifs:<\/strong> Pose de bandages pour r\u00e9duire l&rsquo;\u0153d\u00e8me et soutenir les tissus.<\/li>\n<\/ul>\n\n\n\n<p class=\"wp-block-paragraph\">La dur\u00e9e de l&rsquo;op\u00e9ration varie g\u00e9n\u00e9ralement entre 3 et 5 heures selon la complexit\u00e9 du cas.<\/p>\n\n\n\n<hr class=\"wp-block-separator has-alpha-channel-opacity\" \/>\n\n\n\n<blockquote class=\"wp-block-quote is-layout-flow wp-block-quote-is-layout-flow\">\n<p class=\"wp-block-paragraph\"><strong>Avis de l&rsquo;Expert M\u00e9dical :<\/strong><\/p>\n\n\n\n<p class=\"wp-block-paragraph\">\u00ab\u00a0Un lifting r\u00e9ussi ne consiste pas simplement \u00e0 tirer sur la peau, mais \u00e0 repositionner l&rsquo;anatomie faciale qui s&rsquo;est affaiss\u00e9e avec le temps. Notre approche en Turquie se concentre sur la technique &lsquo;Deep Plane&rsquo;, qui lib\u00e8re les ligaments pour permettre un lifting sans tension. Cela \u00e9vite l&rsquo;aspect &lsquo;fig\u00e9&rsquo; et garantit que les patients se reconnaissent dans le miroir, mais en version rajeunie.\u00a0\u00bb<\/p>\n\n\n\n<p class=\"wp-block-paragraph\">\u2014 <strong>Chirurgien Chef chez Florya Aesthetic<\/strong><\/p>\n<\/blockquote>\n\n\n\n<hr class=\"wp-block-separator has-alpha-channel-opacity\" \/>\n\n\n\n<h2 class=\"wp-block-heading\">Pr\u00e9paration avant votre Lifting Visage Turquie<\/h2>\n\n\n\n<p class=\"wp-block-paragraph\">La r\u00e9ussite de votre <strong>Lifting Visage Turquie<\/strong> commence bien avant votre arriv\u00e9e \u00e0 Istanbul, par une pr\u00e9paration rigoureuse de votre organisme. (Selon la <strong><a target=\"_blank\" rel=\"noreferrer noopener\" href=\"https:\/\/my.clevelandclinic.org\/\">Cleveland Clinic<\/a><\/strong>, l&rsquo;arr\u00eat du tabac est l&rsquo;\u00e9tape la plus critique pour pr\u00e9venir la n\u00e9crose des tissus et assurer une gu\u00e9rison optimale).<\/p>\n\n\n\n<ul class=\"wp-block-list\">\n<li><strong>Arr\u00eat du Tabac:<\/strong> Cesser toute consommation de nicotine au moins 4 semaines avant.<\/li>\n\n\n\n<li><strong>Bilan M\u00e9dical:<\/strong> Effectuer les analyses sanguines et cardiologiques demand\u00e9es.<\/li>\n\n\n\n<li><strong>Gestion des M\u00e9dicaments:<\/strong> \u00c9viter l&rsquo;aspirine et les anti-inflammatoires favorisant les saignements.<\/li>\n\n\n\n<li><strong>Hydratation:<\/strong> Boire abondamment dans les jours pr\u00e9c\u00e9dant l&rsquo;intervention.<\/li>\n\n\n\n<li><strong>V\u00eatements Adapt\u00e9s:<\/strong> Pr\u00e9voir des chemises boutonn\u00e9es pour ne pas toucher le visage.<\/li>\n\n\n\n<li><strong>Accompagnement:<\/strong> Si possible, venir avec un proche, bien que la clinique offre une assistance.<\/li>\n<\/ul>\n\n\n\n<p class=\"wp-block-paragraph\">Le respect de ces consignes r\u00e9duit significativement les risques de complications per et post-op\u00e9ratoires.<\/p>\n\n\n\n<hr class=\"wp-block-separator has-alpha-channel-opacity\" \/>\n\n\n\n<h2 class=\"wp-block-heading\">Avantages et Inconv\u00e9nients du Lifting Visage Turquie<\/h2>\n\n\n\n<p class=\"wp-block-paragraph\">\u00c9valuer un <strong>Lifting Visage Turquie<\/strong> n\u00e9cessite une transparence totale sur les b\u00e9n\u00e9fices transformateurs et les contraintes inh\u00e9rentes \u00e0 une chirurgie \u00e0 l&rsquo;\u00e9tranger.<\/p>\n\n\n\n<figure class=\"wp-block-table\"><table class=\"has-fixed-layout\"><thead><tr><td><strong>Les Points Forts (Avantages)<\/strong><\/td><td><strong>Les Points de Vigilance (Inconv\u00e9nients)<\/strong><\/td><\/tr><\/thead><tbody><tr><td><strong>Rajeunissement Spectaculaire:<\/strong> Gain visuel de 10 \u00e0 15 ans.<\/td><td><strong>Temps d&rsquo;Arr\u00eat:<\/strong> N\u00e9cessite 10 \u00e0 15 jours de repos complet.<\/td><\/tr><tr><td><strong>Durabilit\u00e9:<\/strong> R\u00e9sultats permanents, le vieillissement reprend d&rsquo;une base plus jeune.<\/td><td><strong>\u0152d\u00e8me Temporaire:<\/strong> Gonflement et ecchymoses in\u00e9vitables au d\u00e9but.<\/td><\/tr><tr><td><strong>\u00c9conomies:<\/strong> Prix tr\u00e8s inf\u00e9rieurs \u00e0 l&rsquo;Europe pour une qualit\u00e9 \u00e9gale.<\/td><td><strong>Voyage N\u00e9cessaire:<\/strong> Le vol retour peut \u00eatre inconfortable juste apr\u00e8s.<\/td><\/tr><tr><td><strong>Prise en Charge Totale:<\/strong> Les forfaits VIP simplifient la logistique.<\/td><td><strong>Risques Chirurgicaux:<\/strong> Rares risques d&rsquo;h\u00e9matomes ou d&rsquo;infection.<\/td><\/tr><tr><td><strong>Cicatrices Cach\u00e9es:<\/strong> Incisions dissimul\u00e9es dans les plis naturels.<\/td><td><strong>Patience Requise:<\/strong> Le r\u00e9sultat final prend plusieurs mois \u00e0 appara\u00eetre.<\/td><\/tr><\/tbody><\/table><\/figure>\n\n\n\n<hr class=\"wp-block-separator has-alpha-channel-opacity\" \/>\n\n\n\n<figure class=\"wp-block-image size-large\"><img decoding=\"async\" width=\"1024\" height=\"635\" src=\"https:\/\/floryaaesthetic.com\/wp-content\/uploads\/2026\/02\/Facelift-in-Turkey-2-1024x635.jpg\" alt=\"Gros plan sur un visage rajeuni montrant le r\u00e9sultat parfait du lifting.\" class=\"wp-image-35209\" srcset=\"https:\/\/floryaaesthetic.com\/wp-content\/uploads\/2026\/02\/Facelift-in-Turkey-2-1024x635.jpg 1024w, https:\/\/floryaaesthetic.com\/wp-content\/uploads\/2026\/02\/Facelift-in-Turkey-2-300x186.jpg 300w, https:\/\/floryaaesthetic.com\/wp-content\/uploads\/2026\/02\/Facelift-in-Turkey-2-768x476.jpg 768w, https:\/\/floryaaesthetic.com\/wp-content\/uploads\/2026\/02\/Facelift-in-Turkey-2.jpg 1080w\" sizes=\"(max-width: 1024px) 100vw, 1024px\" \/><figcaption class=\"wp-element-caption\">Gros plan sur un visage rajeuni montrant le r\u00e9sultat parfait du lifting.<\/figcaption><\/figure>\n\n\n\n<hr class=\"wp-block-separator has-alpha-channel-opacity\" \/>\n\n\n\n<h2 class=\"wp-block-heading\">Services VIP inclus dans votre Lifting Visage Turquie<\/h2>\n\n\n\n<p class=\"wp-block-paragraph\">Opter pour un <strong>Lifting Visage Turquie<\/strong> avec <strong><a target=\"_blank\" rel=\"noreferrer noopener\" href=\"https:\/\/floryaaesthetic.com\/\">Florya Aesthetic<\/a><\/strong>, c&rsquo;est choisir une exp\u00e9rience de tourisme m\u00e9dical haut de gamme o\u00f9 chaque d\u00e9tail logistique est pris en charge. La clinique propose des forfaits \u00ab\u00a0Tout Compris\u00a0\u00bb con\u00e7us pour offrir une tranquillit\u00e9 d&rsquo;esprit totale aux patients francophones, leur permettant de se concentrer uniquement sur leur r\u00e9tablissement.<\/p>\n\n\n\n<ul class=\"wp-block-list\">\n<li><strong>Transferts VIP Priv\u00e9s :<\/strong> Un chauffeur vous attend \u00e0 l&rsquo;a\u00e9roport et assure tous vos d\u00e9placements entre l&rsquo;h\u00f4tel et la clinique.<\/li>\n\n\n\n<li><strong>H\u00e9bergement de Luxe :<\/strong> S\u00e9jour dans des h\u00f4tels 5 \u00e9toiles partenaires, situ\u00e9s \u00e0 proximit\u00e9 imm\u00e9diate de l&rsquo;h\u00f4pital.<\/li>\n\n\n\n<li><strong>Traducteur D\u00e9di\u00e9 :<\/strong> Un assistant personnel parlant couramment fran\u00e7ais vous accompagne \u00e0 chaque \u00e9tape m\u00e9dicale.<\/li>\n\n\n\n<li><strong>Analyses Pr\u00e9op\u00e9ratoires :<\/strong> Bilan sanguin complet, ECG et consultation d&rsquo;anesth\u00e9sie inclus dans le forfait.<\/li>\n\n\n\n<li><strong>M\u00e9dicaments Fournis :<\/strong> Tous les antibiotiques, analg\u00e9siques et cr\u00e8mes cicatrisantes n\u00e9cessaires sont remis gratuitement.<\/li>\n\n\n\n<li><strong>Suivi Post-Op\u00e9ratoire :<\/strong> Une infirmi\u00e8re effectue des visites de contr\u00f4le \u00e0 votre h\u00f4tel pour v\u00e9rifier la cicatrisation.<\/li>\n<\/ul>\n\n\n\n<p class=\"wp-block-paragraph\">De plus, un rapport m\u00e9dical d\u00e9taill\u00e9 en fran\u00e7ais ou en anglais est remis \u00e0 chaque patient pour assurer la continuit\u00e9 des soins au retour.<\/p>\n\n\n\n<hr class=\"wp-block-separator has-alpha-channel-opacity\" \/>\n\n\n\n<h2 class=\"wp-block-heading\">Mythes courants sur le Lifting Visage Turquie<\/h2>\n\n\n\n<p class=\"wp-block-paragraph\">Autour du <strong>Lifting Visage Turquie<\/strong>, de nombreuses id\u00e9es re\u00e7ues circulent encore, freinant parfois injustement ceux qui pourraient b\u00e9n\u00e9ficier de cette intervention. Il est essentiel de d\u00e9m\u00ealer le vrai du faux pour comprendre la r\u00e9alit\u00e9 de la chirurgie esth\u00e9tique moderne en Turquie.<\/p>\n\n\n\n<p class=\"wp-block-paragraph\"><strong>Mythe 1 : Le r\u00e9sultat sera fig\u00e9 ou \u00ab\u00a0tir\u00e9\u00a0\u00bb (Windblown Look).<\/strong><\/p>\n\n\n\n<ul class=\"wp-block-list\">\n<li><strong>R\u00e9alit\u00e9 :<\/strong> Les techniques actuelles, comme le <em>Deep Plane Facelift<\/em> pratiqu\u00e9 chez <strong><a href=\"https:\/\/floryaaesthetic.com\/\" target=\"_blank\" rel=\"noreferrer noopener\">Florya Aesthetic<\/a><\/strong>, repositionnent les muscles et la graisse en profondeur sans exercer de traction excessive sur la peau, garantissant un aspect naturel et repos\u00e9.<\/li>\n<\/ul>\n\n\n\n<p class=\"wp-block-paragraph\"><strong>Mythe 2 : C&rsquo;est une op\u00e9ration r\u00e9serv\u00e9e aux personnes tr\u00e8s \u00e2g\u00e9es.<\/strong><\/p>\n\n\n\n<ul class=\"wp-block-list\">\n<li><strong>R\u00e9alit\u00e9 :<\/strong> Le <strong>Lifting Visage Turquie<\/strong> est de plus en plus sollicit\u00e9 par des patients de 45 \u00e0 55 ans. Traiter le rel\u00e2chement d\u00e8s son apparition permet des gestes moins invasifs et des r\u00e9sultats plus durables que d&rsquo;attendre un vieillissement avanc\u00e9.<\/li>\n<\/ul>\n\n\n\n<p class=\"wp-block-paragraph\"><strong>Mythe 3 : Les cicatrices seront visibles et disgracieuses.<\/strong><\/p>\n\n\n\n<ul class=\"wp-block-list\">\n<li><strong>R\u00e9alit\u00e9 :<\/strong> Les chirurgiens experts dissimulent les incisions avec une pr\u00e9cision millim\u00e9trique \u00e0 l&rsquo;int\u00e9rieur de la racine des cheveux et dans les plis naturels de l&rsquo;oreille (tragus), les rendant quasi invisibles apr\u00e8s gu\u00e9rison compl\u00e8te.<\/li>\n<\/ul>\n\n\n\n<p class=\"wp-block-paragraph\">Par cons\u00e9quent, une consultation avec un chirurgien certifi\u00e9 est la meilleure fa\u00e7on de dissiper ces craintes infond\u00e9es.<\/p>\n\n\n\n<hr class=\"wp-block-separator has-alpha-channel-opacity\" \/>\n\n\n\n<h2 class=\"wp-block-heading\">Calendrier de r\u00e9cup\u00e9ration apr\u00e8s un Lifting Visage Turquie<\/h2>\n\n\n\n<p class=\"wp-block-paragraph\">Le processus de gu\u00e9rison suite \u00e0 un <strong>Lifting Visage Turquie<\/strong> suit une \u00e9volution physiologique pr\u00e9visible, bien que chaque patient r\u00e9cup\u00e8re \u00e0 son propre rythme. Comprendre ces \u00e9tapes permet de planifier son voyage et son arr\u00eat de travail en toute s\u00e9r\u00e9nit\u00e9.<\/p>\n\n\n\n<ul class=\"wp-block-list\">\n<li><strong>Jours 1 \u00e0 3 (Phase Aigu\u00eb) :<\/strong> Le gonflement (\u0153d\u00e8me) et la sensation de tension sont au maximum. Le repos est imp\u00e9ratif, t\u00eate sur\u00e9lev\u00e9e, avec port du bandage compressif.<\/li>\n\n\n\n<li><strong>Semaine 1 (Retrait des Fils) :<\/strong> L&rsquo;\u0153d\u00e8me commence \u00e0 diminuer. Les points de suture sont g\u00e9n\u00e9ralement retir\u00e9s entre le 7\u00e8me et le 10\u00e8me jour. Les bleus virent au jaune.<\/li>\n\n\n\n<li><strong>Semaine 2 (Retour Social) :<\/strong> La plupart des patients se sentent aptes \u00e0 reprendre une activit\u00e9 sociale l\u00e9g\u00e8re. Le maquillage peut camoufler les derni\u00e8res traces.<\/li>\n\n\n\n<li><strong>Mois 1 (Normalisation) :<\/strong> Environ 80% du gonflement s&rsquo;est r\u00e9sorb\u00e9. Une l\u00e9g\u00e8re insensibilit\u00e9 (paresth\u00e9sie) autour des oreilles est normale et temporaire.<\/li>\n\n\n\n<li><strong>Mois 3 \u00e0 6 (R\u00e9sultat Final) :<\/strong> Les tissus se sont assouplis et positionn\u00e9s d\u00e9finitivement. Les cicatrices continuent de s&rsquo;estomper et de blanchir.<\/li>\n<\/ul>\n\n\n\n<p class=\"wp-block-paragraph\">Selon l&rsquo;<strong><a target=\"_blank\" rel=\"noreferrer noopener\" href=\"https:\/\/www.plasticsurgery.org\/\">ASPS<\/a><\/strong>, le respect strict des consignes post-op\u00e9ratoires, notamment l&rsquo;\u00e9viction solaire, est crucial pour optimiser la qualit\u00e9 de la cicatrice.<\/p>\n\n\n\n<hr class=\"wp-block-separator has-alpha-channel-opacity\" \/>\n\n\n\n<h2 class=\"wp-block-heading\">Histoires de patients : Avant et Apr\u00e8s le Lifting Visage Turquie<\/h2>\n\n\n\n<p class=\"wp-block-paragraph\">D\u00e9couvrir le <strong>Lifting Visage Turquie<\/strong> \u00e0 travers le v\u00e9cu de patients r\u00e9els offre un aper\u00e7u pr\u00e9cieux de l&rsquo;impact \u00e9motionnel et physique de cette transformation. Voici deux t\u00e9moignages de patients francophones ayant choisi <strong><a target=\"_blank\" rel=\"noreferrer noopener\" href=\"https:\/\/floryaaesthetic.com\/\">Florya Aesthetic<\/a><\/strong>.<\/p>\n\n\n\n<p class=\"wp-block-paragraph\"><strong>Sophie, de Lyon (53 ans) :<\/strong><\/p>\n\n\n\n<blockquote class=\"wp-block-quote is-layout-flow wp-block-quote-is-layout-flow\">\n<p class=\"wp-block-paragraph\">\u00ab\u00a0Je ne reconnaissais plus mon visage dans le miroir, j&rsquo;avais l&rsquo;air triste en permanence \u00e0 cause de mes joues tombantes. J&rsquo;ai saut\u00e9 le pas pour un <strong>Lifting Visage Turquie<\/strong> et je ne regrette rien. L&rsquo;\u00e9quipe de Florya a \u00e9t\u00e9 incroyable, du chauffeur au chirurgien. La premi\u00e8re semaine a \u00e9t\u00e9 inconfortable, je ne vais pas mentir, mais le r\u00e9sultat en vaut la peine. On me donne 10 ans de moins !\u00a0\u00bb<\/p>\n<\/blockquote>\n\n\n\n<p class=\"wp-block-paragraph\"><strong>Marc, de Bruxelles (62 ans) :<\/strong><\/p>\n\n\n\n<blockquote class=\"wp-block-quote is-layout-flow wp-block-quote-is-layout-flow\">\n<p class=\"wp-block-paragraph\">\u00ab\u00a0En tant qu&rsquo;homme, je craignais que le r\u00e9sultat soit trop f\u00e9minin ou artificiel. Mon chirurgien a parfaitement compris ma demande : red\u00e9finir la m\u00e2choire et le cou tout en gardant mes traits masculins. L&rsquo;op\u00e9ration s&rsquo;est tr\u00e8s bien pass\u00e9e, et le suivi \u00e0 l&rsquo;h\u00f4tel \u00e9tait digne d&rsquo;un 5 \u00e9toiles. C&rsquo;est un investissement sur soi que je recommande.\u00a0\u00bb<\/p>\n<\/blockquote>\n\n\n\n<p class=\"wp-block-paragraph\">Ces r\u00e9cits confirment que le rajeunissement chirurgical, lorsqu&rsquo;il est bien r\u00e9alis\u00e9, restaure bien plus que l&rsquo;apparence : il restaure la confiance.<\/p>\n\n\n\n<hr class=\"wp-block-separator has-alpha-channel-opacity\" \/>\n\n\n\n<h2 class=\"wp-block-heading\">Normes de s\u00e9curit\u00e9 et risques du Lifting Visage Turquie<\/h2>\n\n\n\n<p class=\"wp-block-paragraph\">La s\u00e9curit\u00e9 lors d&rsquo;un <strong>Lifting Visage Turquie<\/strong> est la priorit\u00e9 absolue de <strong><a target=\"_blank\" rel=\"noreferrer noopener\" href=\"https:\/\/floryaaesthetic.com\/\">Florya Aesthetic<\/a><\/strong>, qui op\u00e8re exclusivement dans des h\u00f4pitaux accr\u00e9dit\u00e9s JCI (Joint Commission International). Bien que les complications soient rares entre des mains expertes, une information transparente est n\u00e9cessaire.<\/p>\n\n\n\n<ul class=\"wp-block-list\">\n<li><strong>H\u00e9matome :<\/strong> Une accumulation de sang sous la peau, pr\u00e9venue par le contr\u00f4le de la tension art\u00e9rielle et la pose de drains temporaires.<\/li>\n\n\n\n<li><strong>Infection :<\/strong> Risque minime gr\u00e2ce aux protocoles de st\u00e9rilisation stricts et \u00e0 l&rsquo;antibioth\u00e9rapie prophylactique.<\/li>\n\n\n\n<li><strong>L\u00e9sion Nerveuse :<\/strong> Une faiblesse temporaire des muscles faciaux peut survenir, mais se r\u00e9sorbe g\u00e9n\u00e9ralement avec la diminution de l&rsquo;inflammation.<\/li>\n\n\n\n<li><strong>Cicatrisation :<\/strong> La qualit\u00e9 de la cicatrice d\u00e9pend aussi de la g\u00e9n\u00e9tique du patient et de l&rsquo;absence de tabagisme.<\/li>\n\n\n\n<li><strong>R\u00e9action \u00e0 l&rsquo;anesth\u00e9sie :<\/strong> Un bilan pr\u00e9-anesth\u00e9sique complet permet d&rsquo;anticiper et d&rsquo;\u00e9viter tout risque majeur.<\/li>\n<\/ul>\n\n\n\n<p class=\"wp-block-paragraph\">Toutefois, choisir un chirurgien qualifi\u00e9 et exp\u00e9riment\u00e9 r\u00e9duit consid\u00e9rablement la probabilit\u00e9 de survenue de ces \u00e9v\u00e9nements ind\u00e9sirables.<\/p>\n\n\n\n<hr class=\"wp-block-separator has-alpha-channel-opacity\" \/>\n\n\n\n<h2 class=\"wp-block-heading\">Conseils d&rsquo;expert pour votre voyage (Pro Tips)<\/h2>\n\n\n\n<p class=\"wp-block-paragraph\">Pr\u00e9parer votre <strong>Lifting Visage Turquie<\/strong> demande quelques astuces pratiques \u00ab\u00a0d&rsquo;initi\u00e9s\u00a0\u00bb pour transformer votre convalescence \u00e0 Istanbul en une exp\u00e9rience confortable. Ces conseils simples font souvent toute la diff\u00e9rence.<\/p>\n\n\n\n<ul class=\"wp-block-list\">\n<li><strong>L&rsquo;Oreiller de Voyage (Cale-nuque) :<\/strong> Indispensable ! Vous devrez dormir sur le dos avec la t\u00eate sur\u00e9lev\u00e9e pendant plusieurs semaines. Cet oreiller vous emp\u00eachera de vous retourner pendant votre sommeil.<\/li>\n\n\n\n<li><strong>V\u00eatements Boutonn\u00e9s :<\/strong> N&rsquo;apportez pas de t-shirts ou de pulls \u00e0 col serr\u00e9. Privil\u00e9giez des chemises ou des gilets zipp\u00e9s pour ne rien avoir \u00e0 passer par la t\u00eate.<\/li>\n\n\n\n<li><strong>Shampoing Sec :<\/strong> Vous ne pourrez pas laver vos cheveux imm\u00e9diatement apr\u00e8s l&rsquo;op\u00e9ration. Le shampoing sec sera votre meilleur alli\u00e9 pour vous sentir propre.<\/li>\n\n\n\n<li><strong>Hydratation Intense :<\/strong> L&rsquo;air conditionn\u00e9 et l&rsquo;anesth\u00e9sie ass\u00e8chent. Buvez beaucoup d&rsquo;eau pour aider votre corps \u00e0 \u00e9liminer les produits et r\u00e9duire l&rsquo;\u0153d\u00e8me.<\/li>\n\n\n\n<li><strong>Patience face au Miroir :<\/strong> Ne jugez pas le r\u00e9sultat au jour 3 ou 4. Vous serez gonfl\u00e9, c&rsquo;est normal. Faites confiance au processus de gu\u00e9rison.<\/li>\n\n\n\n<li><strong>Divertissement :<\/strong> T\u00e9l\u00e9chargez des livres audio ou des podcasts. Vos yeux peuvent \u00eatre fatigu\u00e9s ou gonfl\u00e9s, l&rsquo;\u00e9coute est souvent plus reposante que la lecture.<\/li>\n<\/ul>\n\n\n\n<p class=\"wp-block-paragraph\">En anticipant ces besoins, vous vous assurez un confort optimal d\u00e8s votre retour \u00e0 l&rsquo;h\u00f4tel.<\/p>\n\n\n\n<hr class=\"wp-block-separator has-alpha-channel-opacity\" \/>\n\n\n\n<h2 class=\"wp-block-heading\">Lifting Chirurgical vs Fils Tenseurs : Analyse Comparative<\/h2>\n\n\n\n<p class=\"wp-block-paragraph\">Au moment d&rsquo;envisager un <strong>Lifting Visage Turquie<\/strong>, beaucoup se demandent si des solutions moins invasives comme les fils tenseurs ne suffiraient pas. Ce tableau compare les diff\u00e9rences fondamentales pour vous aider \u00e0 choisir.<\/p>\n\n\n\n<figure class=\"wp-block-table\"><table class=\"has-fixed-layout\"><thead><tr><td><strong>Crit\u00e8re<\/strong><\/td><td><strong>Lifting Chirurgical (Facelift)<\/strong><\/td><td><strong>Fils Tenseurs (Non-Chirurgical)<\/strong><\/td><td><strong>Injections (Fillers)<\/strong><\/td><\/tr><\/thead><tbody><tr><td><strong>Objectif Principal<\/strong><\/td><td>Repositionnement structurel &amp; retrait de peau<\/td><td>L\u00e9g\u00e8re tension par fils r\u00e9sorbables<\/td><td>Comblement de volume &amp; rides<\/td><\/tr><tr><td><strong>Long\u00e9vit\u00e9<\/strong><\/td><td><strong>10 \u00e0 15 Ans (D\u00e9finitif)<\/strong><\/td><td>12 \u00e0 18 Mois<\/td><td>6 \u00e0 12 Mois<\/td><\/tr><tr><td><strong>Temps d&rsquo;arr\u00eat<\/strong><\/td><td>10 \u00e0 15 jours<\/td><td>2 \u00e0 3 jours<\/td><td>Aucun (Imm\u00e9diat)<\/td><\/tr><tr><td><strong>Candidat Id\u00e9al<\/strong><\/td><td>Rel\u00e2chement mod\u00e9r\u00e9 \u00e0 s\u00e9v\u00e8re, fanons<\/td><td>Rel\u00e2chement tr\u00e8s l\u00e9ger, d\u00e9butant<\/td><td>Perte de volume localis\u00e9e<\/td><\/tr><tr><td><strong>Anesth\u00e9sie<\/strong><\/td><td>G\u00e9n\u00e9rale<\/td><td>Locale<\/td><td>Locale<\/td><\/tr><tr><td><strong>Rapport Co\u00fbt\/Dur\u00e9e<\/strong><\/td><td>Investissement \u00e9lev\u00e9, rentabilit\u00e9 long terme<\/td><td>Co\u00fbt moyen, \u00e0 r\u00e9p\u00e9ter souvent<\/td><td>Co\u00fbt faible, fr\u00e9quence \u00e9lev\u00e9e<\/td><\/tr><\/tbody><\/table><\/figure>\n\n\n\n<p class=\"wp-block-paragraph\">En conclusion, si les fils offrent une am\u00e9lioration subtile et \u00e9ph\u00e9m\u00e8re, seul le lifting chirurgical corrige durablement les signes marqu\u00e9s du vieillissement.<\/p>\n\n\n\n<hr class=\"wp-block-separator has-alpha-channel-opacity\" \/>\n\n\n\n<h2 class=\"wp-block-heading\">R\u00e9servation et Logistique pour votre Lifting Visage Turquie<\/h2>\n\n\n\n<p class=\"wp-block-paragraph\">Organiser votre <strong>Lifting Visage Turquie<\/strong> est un processus fluide et s\u00e9curis\u00e9 avec <strong><a target=\"_blank\" rel=\"noreferrer noopener\" href=\"https:\/\/floryaaesthetic.com\/\">Florya Aesthetic<\/a><\/strong>, con\u00e7u pour \u00eatre aussi simple que la r\u00e9servation d&rsquo;un voyage, la rigueur m\u00e9dicale en plus.<\/p>\n\n\n\n<ul class=\"wp-block-list\">\n<li><strong>Consultation Digitale :<\/strong> Envoyez vos photos (face et profil) via WhatsApp ou Email pour une \u00e9valuation gratuite par le chirurgien.<\/li>\n\n\n\n<li><strong>Plan de Traitement :<\/strong> Recevez un devis personnalis\u00e9 d\u00e9taillant la technique propos\u00e9e, le tarif et les inclusions.<\/li>\n\n\n\n<li><strong>Planification :<\/strong> Choisissez vos dates. Aucun visa m\u00e9dical n&rsquo;est g\u00e9n\u00e9ralement requis pour les ressortissants europ\u00e9ens (v\u00e9rifiez selon votre pays).<\/li>\n\n\n\n<li><strong>Arriv\u00e9e \u00e0 Istanbul :<\/strong> Accueil VIP \u00e0 l&rsquo;a\u00e9roport et transfert vers votre h\u00f4tel 5 \u00e9toiles.<\/li>\n\n\n\n<li><strong>Examen Clinique :<\/strong> Consultation physique avec le chirurgien et bilan sanguin complet la veille de l&rsquo;intervention.<\/li>\n\n\n\n<li><strong>Jour J :<\/strong> L&rsquo;op\u00e9ration est r\u00e9alis\u00e9e, suivie d&rsquo;une nuit d&rsquo;observation \u00e0 l&rsquo;h\u00f4pital pour votre s\u00e9curit\u00e9.<\/li>\n<\/ul>\n\n\n\n<p class=\"wp-block-paragraph\">Cette organisation m\u00e9ticuleuse garantit que votre s\u00e9jour soit optimis\u00e9 pour le soin et la r\u00e9cup\u00e9ration.<\/p>\n\n\n\n<figure class=\"wp-block-image size-large\"><img decoding=\"async\" width=\"1024\" height=\"635\" src=\"https:\/\/floryaaesthetic.com\/wp-content\/uploads\/2026\/02\/Facelift-in-Turkey-3-1024x635.jpg\" alt=\"M\u00e9decin accueillant pour une chirurgie esth\u00e9tique avec la tour de Galata en fond.\" class=\"wp-image-35210\" srcset=\"https:\/\/floryaaesthetic.com\/wp-content\/uploads\/2026\/02\/Facelift-in-Turkey-3-1024x635.jpg 1024w, https:\/\/floryaaesthetic.com\/wp-content\/uploads\/2026\/02\/Facelift-in-Turkey-3-300x186.jpg 300w, https:\/\/floryaaesthetic.com\/wp-content\/uploads\/2026\/02\/Facelift-in-Turkey-3-768x476.jpg 768w, https:\/\/floryaaesthetic.com\/wp-content\/uploads\/2026\/02\/Facelift-in-Turkey-3.jpg 1080w\" sizes=\"(max-width: 1024px) 100vw, 1024px\" \/><figcaption class=\"wp-element-caption\">M\u00e9decin accueillant pour une chirurgie esth\u00e9tique avec la tour de Galata en fond.<\/figcaption><\/figure>\n\n\n\n<hr class=\"wp-block-separator has-alpha-channel-opacity\" \/>\n\n\n\n<h2 class=\"wp-block-heading\">Conclusion : \u00cates-vous pr\u00eat pour le changement ?<\/h2>\n\n\n\n<p class=\"wp-block-paragraph\">Se lancer dans un <strong>Lifting Visage Turquie<\/strong> est une d\u00e9cision majeure qui offre la possibilit\u00e9 de r\u00e9aligner votre apparence ext\u00e9rieure avec votre jeunesse int\u00e9rieure. Pour ceux qui souffrent de rides profondes, de bajoues ou d&rsquo;un cou rel\u00e2ch\u00e9 affectant leur estime de soi, cette intervention reste la solution de r\u00e9f\u00e9rence incontest\u00e9e.<\/p>\n\n\n\n<p class=\"wp-block-paragraph\">En choisissant <strong><a target=\"_blank\" rel=\"noreferrer noopener\" href=\"https:\/\/floryaaesthetic.com\/\">Florya Aesthetic<\/a><\/strong>, vous optez pour l&rsquo;expertise, la s\u00e9curit\u00e9 et un accompagnement francophone de premier plan. Si vous \u00eates pr\u00eat \u00e0 investir en vous-m\u00eame et \u00e0 remonter le temps avec des r\u00e9sultats naturels, nous vous invitons \u00e0 demander votre diagnostic gratuit.<\/p>\n\n\n\n<hr class=\"wp-block-separator has-alpha-channel-opacity\" \/>\n\n\n\n<h2 class=\"wp-block-heading\">Foire Aux Questions (FAQ)<\/h2>\n\n\n\n<h3 class=\"wp-block-heading\">Combien de temps dure le r\u00e9sultat d&rsquo;un Lifting Visage Turquie ?<\/h3>\n\n\n\n<p class=\"wp-block-paragraph\">Le r\u00e9sultat d&rsquo;un <strong>Lifting Visage Turquie<\/strong> est consid\u00e9r\u00e9 comme durable sur le long terme, offrant un rajeunissement visible pendant 10 \u00e0 15 ans. Bien que le processus naturel de vieillissement se poursuive, vous para\u00eetrez toujours plus jeune que si vous n&rsquo;aviez pas fait l&rsquo;op\u00e9ration.<\/p>\n\n\n\n<h3 class=\"wp-block-heading\">L&rsquo;op\u00e9ration est-elle douloureuse ?<\/h3>\n\n\n\n<p class=\"wp-block-paragraph\">L&rsquo;intervention elle-m\u00eame se d\u00e9roule sous anesth\u00e9sie g\u00e9n\u00e9rale, donc sans aucune douleur. En post-op\u00e9ratoire, la sensation dominante est une tension et un inconfort dus \u00e0 l&rsquo;\u0153d\u00e8me, plut\u00f4t qu&rsquo;une douleur aigu\u00eb. Les antalgiques classiques prescrits suffisent amplement \u00e0 g\u00e9rer cet inconfort.<\/p>\n\n\n\n<h3 class=\"wp-block-heading\">Quand pourrai-je reprendre l&rsquo;avion ?<\/h3>\n\n\n\n<p class=\"wp-block-paragraph\">La plupart des patients sont autoris\u00e9s \u00e0 reprendre l&rsquo;avion 7 \u00e0 10 jours apr\u00e8s leur <strong>Lifting Visage Turquie<\/strong>. Ce d\u00e9lai permet de retirer les fils, d&rsquo;effectuer le contr\u00f4le final et de s&rsquo;assurer que l&rsquo;\u0153d\u00e8me a suffisamment diminu\u00e9 pour voyager en toute s\u00e9curit\u00e9.<\/p>\n\n\n\n<h3 class=\"wp-block-heading\">Les cicatrices sont-elles visibles ?<\/h3>\n\n\n\n<p class=\"wp-block-paragraph\">Non, l&rsquo;objectif du <strong>Lifting Visage Turquie<\/strong> est d&rsquo;offrir un r\u00e9sultat naturel sans stigmates chirurgicaux. Les incisions sont cach\u00e9es dans les cheveux et derri\u00e8re l&rsquo;oreille. Apr\u00e8s la maturation de la cicatrice (quelques mois), elles deviennent fines et blanches, quasi imperceptibles.<\/p>\n\n\n\n<h3 class=\"wp-block-heading\">Puis-je combiner le lifting avec une chirurgie des paupi\u00e8res ?<\/h3>\n\n\n\n<p class=\"wp-block-paragraph\">Absolument. Il est tr\u00e8s fr\u00e9quent et recommand\u00e9 de combiner le lifting facial avec une bl\u00e9pharoplastie (chirurgie des paupi\u00e8res) ou un lifting du cou. Cela permet d&rsquo;harmoniser l&rsquo;ensemble du visage en une seule anesth\u00e9sie et une seule p\u00e9riode de r\u00e9cup\u00e9ration.<\/p>\n","protected":false},"excerpt":{"rendered":"<p>Envisager un Lifting Visage Turquie (Rhytidectomie) est une d\u00e9marche d\u00e9cisive pour ceux qui souhaitent inverser les signes visibles du vieillissement et retrouver une harmonie faciale perdue. Florya Aesthetic s&rsquo;impose comme une r\u00e9f\u00e9rence incontournable, alliant expertise chirurgicale de pointe et soins de luxe pour offrir des r\u00e9sultats naturels et durables. L&rsquo;essentiel sur le Lifting Visage Turquie [&hellip;]<\/p>\n","protected":false},"author":7,"featured_media":35211,"comment_status":"open","ping_status":"open","sticky":false,"template":"","format":"standard","meta":{"ocean_front_end_style_editor":"no","ocean_post_layout":"","ocean_both_sidebars_style":"","ocean_both_sidebars_content_width":0,"ocean_both_sidebars_sidebars_width":0,"ocean_sidebar":"","ocean_second_sidebar":"","ocean_disable_margins":"enable","ocean_add_body_class":"","ocean_shortcode_before_top_bar":"","ocean_shortcode_after_top_bar":"","ocean_shortcode_before_header":"","ocean_shortcode_after_header":"","ocean_has_shortcode":"","ocean_shortcode_after_title":"","ocean_shortcode_before_footer_widgets":"","ocean_shortcode_after_footer_widgets":"","ocean_shortcode_before_footer_bottom":"","ocean_shortcode_after_footer_bottom":"","ocean_display_top_bar":"default","ocean_display_header":"default","ocean_header_style":"","ocean_center_header_left_menu":"","ocean_custom_header_template":"","ocean_custom_logo":0,"ocean_custom_retina_logo":0,"ocean_custom_logo_max_width":0,"ocean_custom_logo_tablet_max_width":0,"ocean_custom_logo_mobile_max_width":0,"ocean_custom_logo_max_height":0,"ocean_custom_logo_tablet_max_height":0,"ocean_custom_logo_mobile_max_height":0,"ocean_header_custom_menu":"","ocean_menu_typo_font_family":"","ocean_menu_typo_font_subset":"","ocean_menu_typo_font_size":0,"ocean_menu_typo_font_size_tablet":0,"ocean_menu_typo_font_size_mobile":0,"ocean_menu_typo_font_size_unit":"px","ocean_menu_typo_font_weight":"","ocean_menu_typo_font_weight_tablet":"","ocean_menu_typo_font_weight_mobile":"","ocean_menu_typo_transform":"","ocean_menu_typo_transform_tablet":"","ocean_menu_typo_transform_mobile":"","ocean_menu_typo_line_height":0,"ocean_menu_typo_line_height_tablet":0,"ocean_menu_typo_line_height_mobile":0,"ocean_menu_typo_line_height_unit":"","ocean_menu_typo_spacing":0,"ocean_menu_typo_spacing_tablet":0,"ocean_menu_typo_spacing_mobile":0,"ocean_menu_typo_spacing_unit":"","ocean_menu_link_color":"","ocean_menu_link_color_hover":"","ocean_menu_link_color_active":"","ocean_menu_link_background":"","ocean_menu_link_hover_background":"","ocean_menu_link_active_background":"","ocean_menu_social_links_bg":"","ocean_menu_social_hover_links_bg":"","ocean_menu_social_links_color":"","ocean_menu_social_hover_links_color":"","ocean_disable_title":"default","ocean_disable_heading":"default","ocean_post_title":"","ocean_post_subheading":"","ocean_post_title_style":"","ocean_post_title_background_color":"","ocean_post_title_background":0,"ocean_post_title_bg_image_position":"","ocean_post_title_bg_image_attachment":"","ocean_post_title_bg_image_repeat":"","ocean_post_title_bg_image_size":"","ocean_post_title_height":0,"ocean_post_title_bg_overlay":0.5,"ocean_post_title_bg_overlay_color":"","ocean_disable_breadcrumbs":"default","ocean_breadcrumbs_color":"","ocean_breadcrumbs_separator_color":"","ocean_breadcrumbs_links_color":"","ocean_breadcrumbs_links_hover_color":"","ocean_display_footer_widgets":"default","ocean_display_footer_bottom":"default","ocean_custom_footer_template":"","ofc_meta_disable_footer_callout":"","ofc_meta_callout_button_url":"","ofc_meta_callout_button_txt":"","ofc_meta_callout_text":"","ofc_enable_fullscreen":"disable","ofc_fullscreen_speed":0,"ofc_fullscreen_nav":"enable","ofc_fullscreen_nav_pos":"right","ofc_fullscreen_nav_color":"","ofc_fullscreen_nav_tooltip_color":"","ofc_fullscreen_responsive":0,"osh_disable_topbar_sticky":"default","osh_disable_header_sticky":"default","osh_sticky_header_style":"default","osh_sticky_header_effect":"","osh_custom_sticky_logo":0,"osh_custom_retina_sticky_logo":0,"osh_custom_sticky_logo_height":0,"osh_background_color":"","osh_links_color":"","osh_links_hover_color":"","osh_links_active_color":"","osh_links_bg_color":"","osh_links_hover_bg_color":"","osh_links_active_bg_color":"","osh_menu_social_links_color":"","osh_menu_social_hover_links_color":"","_joinchat":[],"ocean_post_oembed":"","ocean_post_self_hosted_media":"","ocean_post_video_embed":"","ocean_link_format":"","ocean_link_format_target":"self","ocean_quote_format":"","ocean_quote_format_link":"post","ocean_gallery_link_images":"on","ocean_gallery_id":[],"footnotes":""},"categories":[1619],"tags":[3488,2146,1563,22078,1402,3393,3224,21498,2145,19127,21406,3237,9279,5016,14118,4460,5015,8296,12833,3478,3223,1408,21408,1334,1416],"class_list":["post-35212","post","type-post","status-publish","format-standard","has-post-thumbnail","hentry","category-blog","tag-avis-lifting-turquie","tag-chirurgie-esthetique-turquie","tag-chirurgie-plastique","tag-chirurgie-visage-pas-cher","tag-clinique-esthetique-istanbul","tag-convalescence-lifting","tag-lifting-cervico-facial","tag-lifting-complet","tag-lifting-du-cou","tag-lifting-endoscopique","tag-lifting-fils-tenseurs","tag-lifting-frontal","tag-lifting-homme","tag-lifting-profond","tag-lifting-sans-cicatrice","tag-meilleur-chirurgien-istanbul","tag-mini-lifting","tag-ovale-du-visage","tag-photos-avant-apres-lifting","tag-prix-lifting-visage-turquie","tag-rajeunissement-facial","tag-sejour-medical-turquie","tag-smas-lifting","tag-soins-post-operatoires","tag-tourisme-medical-turquie","entry","has-media"],"_links":{"self":[{"href":"https:\/\/floryaaesthetic.com\/fr\/wp-json\/wp\/v2\/posts\/35212","targetHints":{"allow":["GET"]}}],"collection":[{"href":"https:\/\/floryaaesthetic.com\/fr\/wp-json\/wp\/v2\/posts"}],"about":[{"href":"https:\/\/floryaaesthetic.com\/fr\/wp-json\/wp\/v2\/types\/post"}],"author":[{"embeddable":true,"href":"https:\/\/floryaaesthetic.com\/fr\/wp-json\/wp\/v2\/users\/7"}],"replies":[{"embeddable":true,"href":"https:\/\/floryaaesthetic.com\/fr\/wp-json\/wp\/v2\/comments?post=35212"}],"version-history":[{"count":0,"href":"https:\/\/floryaaesthetic.com\/fr\/wp-json\/wp\/v2\/posts\/35212\/revisions"}],"wp:featuredmedia":[{"embeddable":true,"href":"https:\/\/floryaaesthetic.com\/fr\/wp-json\/wp\/v2\/media\/35211"}],"wp:attachment":[{"href":"https:\/\/floryaaesthetic.com\/fr\/wp-json\/wp\/v2\/media?parent=35212"}],"wp:term":[{"taxonomy":"category","embeddable":true,"href":"https:\/\/floryaaesthetic.com\/fr\/wp-json\/wp\/v2\/categories?post=35212"},{"taxonomy":"post_tag","embeddable":true,"href":"https:\/\/floryaaesthetic.com\/fr\/wp-json\/wp\/v2\/tags?post=35212"}],"curies":[{"name":"wp","href":"https:\/\/api.w.org\/{rel}","templated":true}]}}