{"id":46426,"date":"2026-03-04T04:09:19","date_gmt":"2026-03-04T01:09:19","guid":{"rendered":"https:\/\/floryaaesthetic.com\/?p=46426"},"modified":"2026-03-04T04:31:57","modified_gmt":"2026-03-04T01:31:57","slug":"costo-de-lifting-facial-y-de-cuello-en-turquia","status":"publish","type":"post","link":"https:\/\/floryaaesthetic.com\/es\/46426\/costo-de-lifting-facial-y-de-cuello-en-turquia\/","title":{"rendered":"Costo de lifting facial y de cuello en Turqu\u00eda | Top 3"},"content":{"rendered":"\n<p>Costo de lifting facial y de cuello en Turqu\u00eda (Face and Neck Lift Cost in Turkey) representa una inversi\u00f3n primordial en su viaje de rejuvenecimiento personal absoluto. Por consiguiente, elegir una instituci\u00f3n mundialmente reconocida como <a target=\"_blank\" rel=\"noreferrer noopener\" href=\"https:\/\/floryaaesthetic.com\/\">Florya Aesthetic<\/a> garantiza recibir atenci\u00f3n m\u00e9dica acreditada. En \u00faltima instancia, comprender detalladamente el Costo de lifting facial y de cuello en Turqu\u00eda le permite tomar una decisi\u00f3n inteligente e informada.<\/p>\n\n\n\n<hr class=\"wp-block-separator has-alpha-channel-opacity\" \/>\n\n\n\n<h2 class=\"wp-block-heading\">Respuesta Directa y Precios Promedio<\/h2>\n\n\n\n<p>Costo de lifting facial y de cuello en Turqu\u00eda oscila generalmente entre 3000 \u20ac y 5500 \u20ac, dependiendo siempre de la t\u00e9cnica quir\u00fargica espec\u00edfica aplicada. Adem\u00e1s, este precio global y cerrado incluye alojamiento de lujo, traslados VIP privados y anestesia general completa. Por lo tanto, esta opci\u00f3n ofrece un valor econ\u00f3mico excepcional frente a cl\u00ednicas europeas costosas.<\/p>\n\n\n\n<hr class=\"wp-block-separator has-alpha-channel-opacity\" \/>\n\n\n\n<h2 class=\"wp-block-heading\">Factores M\u00e9dicos que Influyen en los Precios<\/h2>\n\n\n\n<p>Costo de lifting facial y de cuello en Turqu\u00eda fluct\u00faa basado en variables m\u00e9dicas y t\u00e9cnicas altamente espec\u00edficas y personalizadas. Adem\u00e1s, la complejidad del enfoque quir\u00fargico seleccionado dicta directamente los recursos cl\u00ednicos necesarios. <strong>(Seg\u00fan <a target=\"_blank\" rel=\"noreferrer noopener\" href=\"https:\/\/www.isaps.org\/\">ISAPS<\/a>, la t\u00e9cnica quir\u00fargica seleccionada es el principal determinante en la fijaci\u00f3n de precios).<\/strong><\/p>\n\n\n\n<p>Aqu\u00ed est\u00e1n los factores centrales que afectan el precio final:<\/p>\n\n\n\n<ul class=\"wp-block-list\">\n<li>Tipo de anestesia general o local aplicada.<\/li>\n\n\n\n<li>Implementaci\u00f3n del levantamiento muscular profundo (SMAS).<\/li>\n\n\n\n<li>Necesidad de liposucci\u00f3n cervical simult\u00e1nea asociada.<\/li>\n\n\n\n<li>Duraci\u00f3n de la estancia hospitalaria internacional acreditada.<\/li>\n\n\n\n<li>Nivel de experiencia comprobada del cirujano pl\u00e1stico.<\/li>\n\n\n\n<li>Calidad de las suturas m\u00e9dicas est\u00e9ticas globales.<\/li>\n<\/ul>\n\n\n\n<p>Por consiguiente, estos precisos elementos estructurales definen la inversi\u00f3n total.<\/p>\n\n\n\n<figure class=\"wp-block-image size-large\"><img fetchpriority=\"high\" decoding=\"async\" width=\"1024\" height=\"635\" src=\"https:\/\/floryaaesthetic.com\/wp-content\/uploads\/2026\/03\/Face-and-Neck-Lift-Benefits-in-Turkey-1-1024x635.jpg\" alt=\"Escaneo digital tridimensional enfocado en el contorno anat\u00f3mico del rostro y el cuello\" class=\"wp-image-46391\" srcset=\"https:\/\/floryaaesthetic.com\/wp-content\/uploads\/2026\/03\/Face-and-Neck-Lift-Benefits-in-Turkey-1-1024x635.jpg 1024w, https:\/\/floryaaesthetic.com\/wp-content\/uploads\/2026\/03\/Face-and-Neck-Lift-Benefits-in-Turkey-1-300x186.jpg 300w, https:\/\/floryaaesthetic.com\/wp-content\/uploads\/2026\/03\/Face-and-Neck-Lift-Benefits-in-Turkey-1-768x476.jpg 768w, https:\/\/floryaaesthetic.com\/wp-content\/uploads\/2026\/03\/Face-and-Neck-Lift-Benefits-in-Turkey-1.jpg 1080w\" sizes=\"(max-width: 1024px) 100vw, 1024px\" \/><figcaption class=\"wp-element-caption\">Escaneo digital tridimensional enfocado en el contorno anat\u00f3mico del rostro y el cuello<\/figcaption><\/figure>\n\n\n\n<hr class=\"wp-block-separator has-alpha-channel-opacity\" \/>\n\n\n\n<h2 class=\"wp-block-heading\">\u00bfPor Qu\u00e9 Elegir Nuestras Cl\u00ednicas VIP?<\/h2>\n\n\n\n<p>Costo de lifting facial y de cuello en Turqu\u00eda en <a target=\"_blank\" rel=\"noreferrer noopener\" href=\"https:\/\/floryaaesthetic.com\/\">Florya Aesthetic<\/a> garantiza una experiencia m\u00e9dica de lujo, segura y altamente coordinada. Adem\u00e1s, nuestras instalaciones de vanguardia combinan maestr\u00eda quir\u00fargica excepcional con atenci\u00f3n personalizada continua. Por lo tanto, los pacientes reciben una calidad m\u00e9dica inigualable por su significativa inversi\u00f3n.<\/p>\n\n\n\n<p>Razones principales para elegir nuestra instalaci\u00f3n m\u00e9dica premium:<\/p>\n\n\n\n<ul class=\"wp-block-list\">\n<li>Acreditaci\u00f3n internacional garantizando m\u00e1xima seguridad global absoluta.<\/li>\n\n\n\n<li>Equipo m\u00e9dico con amplia y comprobada experiencia quir\u00fargica.<\/li>\n\n\n\n<li>Atenci\u00f3n postoperatoria especializada disponible las veinticuatro horas.<\/li>\n\n\n\n<li>Resultados naturales que aumentan radicalmente la confianza personal.<\/li>\n\n\n\n<li>Paquetes de precios transparentes libres de tarifas ocultas.<\/li>\n<\/ul>\n\n\n\n<p>En \u00faltima instancia, nuestra superioridad m\u00e9dica permanece como nuestra firma.<\/p>\n\n\n\n<hr class=\"wp-block-separator has-alpha-channel-opacity\" \/>\n\n\n\n<h2 class=\"wp-block-heading\">Desglose Detallado de Costos Quir\u00fargicos<\/h2>\n\n\n\n<p>Costo de lifting facial y de cuello en Turqu\u00eda proporciona una inmensa flexibilidad adaptada a las diversas necesidades m\u00e9dicas individuales. Sin embargo, evaluar el precio exacto depende completamente de la combinaci\u00f3n quir\u00fargica espec\u00edfica aprobada durante la consulta m\u00e9dica. Cabe destacar que esta inversi\u00f3n le otorga una vitalidad facial renovada incalculable. Ahora revisaremos una comparaci\u00f3n internacional detallada de precios.<\/p>\n\n\n\n<figure class=\"wp-block-table\"><table class=\"has-fixed-layout\"><thead><tr><td><strong>Procedimiento M\u00e9dico<\/strong><\/td><td><strong>Turqu\u00eda<\/strong><\/td><td><strong>Europa<\/strong><\/td><td><strong>Golfo<\/strong><\/td><\/tr><\/thead><tbody><tr><td>Mini Lifting Facial (Tercio Inferior)<\/td><td><strong>\u20ac2,500 &#8211; \u20ac3,000<\/strong><\/td><td>\u20ac6,000 &#8211; \u20ac8,000<\/td><td>\u20ac5,000 &#8211; \u20ac7,000<\/td><\/tr><tr><td>Intervenci\u00f3n Tradicional (Lifting Completo)<\/td><td><strong>\u20ac3,500 &#8211; \u20ac4,500<\/strong><\/td><td>\u20ac8,000 &#8211; \u20ac12,000<\/td><td>\u20ac7,000 &#8211; \u20ac10,000<\/td><\/tr><tr><td>Levantamiento Muscular Profundo (T\u00e9cnica SMAS)<\/td><td><strong>\u20ac4,000 &#8211; \u20ac5,000<\/strong><\/td><td>\u20ac10,000 &#8211; \u20ac15,000<\/td><td>\u20ac9,000 &#8211; \u20ac13,000<\/td><\/tr><tr><td>Cirug\u00eda Independiente de la Regi\u00f3n Cervical<\/td><td><strong>\u20ac2,000 &#8211; \u20ac2,800<\/strong><\/td><td>\u20ac5,000 &#8211; \u20ac7,000<\/td><td>\u20ac4,500 &#8211; \u20ac6,500<\/td><\/tr><tr><td>Lifting Quir\u00fargico Combinado de Cara y Cuello<\/td><td><strong>\u20ac4,500 &#8211; \u20ac5,500<\/strong><\/td><td>\u20ac12,000 &#8211; \u20ac18,000<\/td><td>\u20ac11,000 &#8211; \u20ac16,000<\/td><\/tr><tr><td>Procedimiento de Liposucci\u00f3n Cervical Simult\u00e1nea Asociada<\/td><td><strong>\u20ac500 &#8211; \u20ac1,000<\/strong><\/td><td>\u20ac2,000 &#8211; \u20ac3,000<\/td><td>\u20ac1,500 &#8211; \u20ac2,500<\/td><\/tr><tr><td>Levantamiento Adicional de Cejas y Zona Frontal<\/td><td><strong>\u20ac1,500 &#8211; \u20ac2,000<\/strong><\/td><td>\u20ac4,000 &#8211; \u20ac6,000<\/td><td>\u20ac3,500 &#8211; \u20ac5,500<\/td><\/tr><tr><td>Cirug\u00eda Simult\u00e1nea de P\u00e1rpados (Procedimiento Blefaroplastia)<\/td><td><strong>\u20ac1,200 &#8211; \u20ac1,800<\/strong><\/td><td>\u20ac3,500 &#8211; \u20ac5,000<\/td><td>\u20ac3,000 &#8211; \u20ac4,500<\/td><\/tr><\/tbody><\/table><\/figure>\n\n\n\n<hr class=\"wp-block-separator has-alpha-channel-opacity\" \/>\n\n\n\n<h2 class=\"wp-block-heading\">Pasos y T\u00e9cnicas Quir\u00fargicas Precisas<\/h2>\n\n\n\n<p>Costo de lifting facial y de cuello en Turqu\u00eda abarca una serie de complejas maniobras quir\u00fargicas meticulosamente planificadas y ejecutadas. Por consiguiente, el procedimiento se realiza siempre bajo estricta supervisi\u00f3n m\u00e9dica para garantizar la seguridad del paciente internacional. <strong>(Seg\u00fan <a target=\"_blank\" rel=\"noreferrer noopener\" href=\"https:\/\/www.plasticsurgery.org\/\">ASPS<\/a>, el estricto cumplimiento de los protocolos quir\u00fargicos reduce dr\u00e1sticamente los riesgos).<\/strong><\/p>\n\n\n\n<p>La operaci\u00f3n cl\u00ednica procede precisamente por los siguientes pasos:<\/p>\n\n\n\n<ul class=\"wp-block-list\">\n<li>Administraci\u00f3n de anestesia general para comodidad del paciente.<\/li>\n\n\n\n<li>Creaci\u00f3n de incisiones quir\u00fargicas est\u00e9ticas cuidadosamente ocultas.<\/li>\n\n\n\n<li>Reposicionamiento de tejidos musculares profundos para elevaci\u00f3n.<\/li>\n\n\n\n<li>Eliminaci\u00f3n del exceso de piel facial con precisi\u00f3n.<\/li>\n\n\n\n<li>Extracci\u00f3n de grasa localizada directamente del cuello.<\/li>\n\n\n\n<li>Cierre de incisiones utilizando suturas est\u00e9ticas r\u00e1pidamente absorbibles.<\/li>\n\n\n\n<li>Aplicaci\u00f3n de vendajes m\u00e9dicos para soportar tejidos tratados.<\/li>\n<\/ul>\n\n\n\n<p>Por lo tanto, estas etapas cl\u00ednicas precisas aseguran resultados altamente naturales.<\/p>\n\n\n\n<blockquote class=\"wp-block-quote is-layout-flow wp-block-quote-is-layout-flow\">\n<p>\u00abEl verdadero valor del Costo de lifting facial y de cuello en Turqu\u00eda no reside exclusivamente en el notable ahorro financiero, sino en la restauraci\u00f3n profunda de la juventud y la confianza interior. En<a target=\"_blank\" rel=\"noreferrer noopener\" href=\"https:\/\/floryaaesthetic.com\/\">Florya Aesthetic<\/a>, estamos profundamente comprometidos a utilizar los \u00faltimos avances m\u00e9dicos globales para garantizar que nuestros pacientes logren resultados est\u00e9ticos excepcionales y seguros.\u00bb<\/p>\n\n\n\n<p>\u2014 <strong>Cirujano Principal en Florya Aesthetic<\/strong><\/p>\n<\/blockquote>\n\n\n\n<hr class=\"wp-block-separator has-alpha-channel-opacity\" \/>\n\n\n\n<h2 class=\"wp-block-heading\">Preparaci\u00f3n M\u00e9dica y Candidatos Ideales<\/h2>\n\n\n\n<p>Costo de lifting facial y de cuello en Turqu\u00eda se vuelve muy relevante una vez que el paciente es evaluado y aprobado rigurosamente. Adem\u00e1s, la cirug\u00eda exige preparaciones preoperatorias m\u00e9dicas espec\u00edficas para asegurar una respuesta fisiol\u00f3gica \u00f3ptima del cuerpo al trauma. Finalmente, seguir las pautas preliminares establecidas por el cirujano mejora radicalmente la calidad est\u00e9tica final.<\/p>\n\n\n\n<p>Criterios de candidatura inicial y preparaciones corporales requeridas:<\/p>\n\n\n\n<ul class=\"wp-block-list\">\n<li>Mantener una condici\u00f3n f\u00edsica general constantemente estable y saludable.<\/li>\n\n\n\n<li>Exhibir flacidez visible y moderada en tejidos faciales.<\/li>\n\n\n\n<li>Dejar de fumar varias semanas antes de la intervenci\u00f3n.<\/li>\n\n\n\n<li>Abstenerse de tomar medicamentos anticoagulantes prescritos temporalmente.<\/li>\n\n\n\n<li>Completar todos los an\u00e1lisis de sangre preliminares y necesarios.<\/li>\n\n\n\n<li>Mantener expectativas psicol\u00f3gicas realistas sobre resultados quir\u00fargicos finales.<\/li>\n<\/ul>\n\n\n\n<p>Por consiguiente, esta preparaci\u00f3n m\u00e9dica exhaustiva garantiza la m\u00e1xima seguridad operativa.<\/p>\n\n\n\n<figure class=\"wp-block-image size-large\"><img decoding=\"async\" width=\"1024\" height=\"635\" src=\"https:\/\/floryaaesthetic.com\/wp-content\/uploads\/2026\/03\/Face-and-Neck-Lift-Benefits-in-Turkey-2-1024x635.jpg\" alt=\"Resultado est\u00e9tico impecable y natural tras un procedimiento de rejuvenecimiento facial\" class=\"wp-image-46392\" srcset=\"https:\/\/floryaaesthetic.com\/wp-content\/uploads\/2026\/03\/Face-and-Neck-Lift-Benefits-in-Turkey-2-1024x635.jpg 1024w, https:\/\/floryaaesthetic.com\/wp-content\/uploads\/2026\/03\/Face-and-Neck-Lift-Benefits-in-Turkey-2-300x186.jpg 300w, https:\/\/floryaaesthetic.com\/wp-content\/uploads\/2026\/03\/Face-and-Neck-Lift-Benefits-in-Turkey-2-768x476.jpg 768w, https:\/\/floryaaesthetic.com\/wp-content\/uploads\/2026\/03\/Face-and-Neck-Lift-Benefits-in-Turkey-2.jpg 1080w\" sizes=\"(max-width: 1024px) 100vw, 1024px\" \/><figcaption class=\"wp-element-caption\">Resultado est\u00e9tico impecable y natural tras un procedimiento de rejuvenecimiento facial<\/figcaption><\/figure>\n\n\n\n<hr class=\"wp-block-separator has-alpha-channel-opacity\" \/>\n\n\n\n<h2 class=\"wp-block-heading\">Pros y Contras: Una Revisi\u00f3n Transparente<\/h2>\n\n\n\n<p>Costo de lifting facial y de cuello en Turqu\u00eda debe evaluarse con total transparencia m\u00e9dica, considerando tanto las ventajas transformadoras como los inconvenientes cl\u00ednicos. Por otro lado, los beneficios est\u00e9ticos profundos superan abrumadoramente los desaf\u00edos asociados con la fase inicial de recuperaci\u00f3n. Presentamos esta revisi\u00f3n comparativa honesta para ayudarle a decidir con total confianza.<\/p>\n\n\n\n<figure class=\"wp-block-table\"><table class=\"has-fixed-layout\"><thead><tr><td><strong>Ventajas M\u00e9dicas Notables<\/strong><\/td><td><strong>Desaf\u00edos y Contras Cl\u00ednicos Temporales<\/strong><\/td><\/tr><\/thead><tbody><tr><td>Restauraci\u00f3n de una apariencia facial firmemente tensa y muy juvenil.<\/td><td>Necesidad de un per\u00edodo de recuperaci\u00f3n de varias semanas.<\/td><\/tr><tr><td>Eliminaci\u00f3n altamente efectiva de flacidez severa y arrugas profundas.<\/td><td>Aparici\u00f3n de hinchaz\u00f3n postoperatoria temporal y algunos hematomas leves.<\/td><\/tr><tr><td>Precios altamente competitivos que cubren alojamiento de lujo incluido.<\/td><td>Cumplimiento estricto e inquebrantable de instrucciones de cuidado postoperatorio.<\/td><\/tr><tr><td>Mejora radical de la confianza personal y el bienestar psicol\u00f3gico.<\/td><td>Riesgos quir\u00fargicos excepcionalmente raros asociados a la anestesia general.<\/td><\/tr><tr><td>Resultados f\u00edsicos muy duraderos superando las alternativas temporales no quir\u00fargicas.<\/td><td>Desarrollo de cicatrices muy finas que se desvanecen gradualmente.<\/td><\/tr><\/tbody><\/table><\/figure>\n\n\n\n<hr class=\"wp-block-separator has-alpha-channel-opacity\" \/>\n\n\n\n<h2 class=\"wp-block-heading\">Servicios VIP y Alojamiento de Lujo<\/h2>\n\n\n\n<p>Costo de lifting facial y de cuello en Turqu\u00eda engloba una maravillosa experiencia de lujo integral que trasciende los l\u00edmites m\u00e9dicos tradicionales conocidos. Adem\u00e1s, nuestras cl\u00ednicas proporcionan alojamiento en hoteles premium de primer nivel y transporte privado para garantizar un confort absoluto. Por consiguiente, este enfoque premium asegura su bienestar f\u00edsico y mental ininterrumpido.<\/p>\n\n\n\n<p>Los paquetes VIP completos incluyen los siguientes servicios exclusivos:<\/p>\n\n\n\n<ul class=\"wp-block-list\">\n<li>Recepci\u00f3n en el aeropuerto y traslados m\u00e9dicos privados asignados.<\/li>\n\n\n\n<li>Alojamiento de lujo en hoteles asociados de cinco estrellas.<\/li>\n\n\n\n<li>Traductor personal dedicado facilitando la comunicaci\u00f3n cl\u00ednica fluida.<\/li>\n\n\n\n<li>Consultas m\u00e9dicas especializadas continuas y seguimientos postoperatorios atentos.<\/li>\n\n\n\n<li>Pruebas de laboratorio preoperatorias completas y exhaustivos an\u00e1lisis sangu\u00edneos.<\/li>\n\n\n\n<li>Kit completo de medicamentos esenciales para recuperaci\u00f3n en casa.<\/li>\n<\/ul>\n\n\n\n<p>En \u00faltima instancia, estos servicios de alta gama garantizan su comodidad.<\/p>\n\n\n\n<hr class=\"wp-block-separator has-alpha-channel-opacity\" \/>\n\n\n\n<h2 class=\"wp-block-heading\">Mitos Comunes sobre Cirug\u00eda y Precios<\/h2>\n\n\n\n<p>Costo de lifting facial y de cuello en Turqu\u00eda a menudo se asocia con ciertos conceptos err\u00f3neos que requieren una aclaraci\u00f3n cient\u00edfica muy precisa. Por ejemplo, muchos pacientes asumen err\u00f3neamente que los precios bajos reflejan mala calidad, lo cual es totalmente falso en el avanzado sector de la salud turco. Sin embargo, las instalaciones acreditadas internacionalmente ofrecen verdadera excelencia quir\u00fargica a tarifas inmejorables.<\/p>\n\n\n\n<p>Adem\u00e1s, debemos abordar los mitos internacionales m\u00e1s prevalentes y persistentes:<\/p>\n\n\n\n<p><strong>Primer Mito: La cirug\u00eda siempre deja cicatrices altamente visibles y feas.<\/strong><\/p>\n\n\n\n<p>La realidad m\u00e9dica dicta que los cirujanos pl\u00e1sticos expertos ocultan magistralmente las incisiones detr\u00e1s de las orejas o bajo la l\u00ednea del cabello. Por lo tanto, estas marcas extremadamente delicadas se desvanecen significativamente con el paso del tiempo, haci\u00e9ndose casi invisibles.<\/p>\n\n\n\n<p><strong>Segundo Mito: Los precios bajos siempre indican personal m\u00e9dico inexperto y novato.<\/strong><\/p>\n\n\n\n<p>Costo de lifting facial y de cuello en Turqu\u00eda es muy asequible debido principalmente al fuerte apoyo gubernamental constante al turismo m\u00e9dico. A la inversa, los cirujanos pl\u00e1sticos turcos poseen prestigiosas certificaciones globales y alt\u00edsima experiencia.<\/p>\n\n\n\n<p><strong>Tercer Mito: Los resultados finales siempre parecen artificiales o demasiado estirados.<\/strong><\/p>\n\n\n\n<p>La medicina est\u00e9tica moderna se basa fundamentalmente en t\u00e9cnicas profundas (SMAS) en lugar de una simple tensi\u00f3n superficial de la piel. En \u00faltima instancia, este sofisticado enfoque quir\u00fargico restaura la vitalidad sin comprometer nunca sus expresiones faciales naturales.<\/p>\n\n\n\n<hr class=\"wp-block-separator has-alpha-channel-opacity\" \/>\n\n\n\n<h2 class=\"wp-block-heading\">Cronograma de Recuperaci\u00f3n y Cuidados Postoperatorios<\/h2>\n\n\n\n<p>Costo de lifting facial y de cuello en Turqu\u00eda incluye un riguroso y constante monitoreo m\u00e9dico durante su fase de recuperaci\u00f3n crucial para asegurar resultados. Adem\u00e1s, lograr la curaci\u00f3n completa requiere varias semanas de estricto cumplimiento de las instrucciones dadas por su cirujano. <strong>(Seg\u00fan <a target=\"_blank\" rel=\"noreferrer noopener\" href=\"https:\/\/www.who.int\/\">WHO<\/a>, el monitoreo cl\u00ednico postoperatorio estricto previene significativamente las peligrosas infecciones quir\u00fargicas).<\/strong><\/p>\n\n\n\n<p>Siga este cronograma de recuperaci\u00f3n fundamental para una curaci\u00f3n \u00f3ptima:<\/p>\n\n\n\n<ul class=\"wp-block-list\">\n<li>La primera semana implica hinchaz\u00f3n quir\u00fargica facial natural esperada.<\/li>\n\n\n\n<li>La segunda semana presenta la remoci\u00f3n de suturas indoloras est\u00e9ticas.<\/li>\n\n\n\n<li>La tercera semana permite reanudar tareas de oficina rutinarias ligeras.<\/li>\n\n\n\n<li>El primer mes revela reducci\u00f3n notable de hematomas y moretones.<\/li>\n\n\n\n<li>El tercer mes destaca el levantamiento muscular estructural verdaderamente inicial.<\/li>\n\n\n\n<li>El sexto mes muestra el resultado est\u00e9tico final y definitivo.<\/li>\n<\/ul>\n\n\n\n<p>Por lo tanto, la paciencia prolongada es verdaderamente clave para el \u00e9xito.<\/p>\n\n\n\n<hr class=\"wp-block-separator has-alpha-channel-opacity\" \/>\n\n\n\n<h2 class=\"wp-block-heading\">Historias de Pacientes y Prueba Social<\/h2>\n\n\n\n<p>Costo de lifting facial y de cuello en Turqu\u00eda demuestra su verdadero y espectacular valor transformador a trav\u00e9s de las experiencias altamente exitosas de pacientes internacionales. Adem\u00e1s, estas narrativas aut\u00e9nticas destacan el profundo viaje personal desde la lucha contra la flacidez hasta lograr una confianza absoluta. En consecuencia, estas maravillosas historias inspiradoras validan la enorme eficacia del procedimiento cl\u00ednico.<\/p>\n\n\n\n<p><strong>Experiencia de Carmen desde Espa\u00f1a:<\/strong><\/p>\n\n\n\n<p>\u00abLuchaba constantemente con una flacidez severa en el cuello y una mand\u00edbula totalmente indefinida, lo que me hac\u00eda parecer much\u00edsimo mayor. Despu\u00e9s de investigar exhaustivamente, descubr\u00ed que el Costo de lifting facial y de cuello en Turqu\u00eda encajaba perfectamente en mi presupuesto personal. Contact\u00e9 a <a target=\"_blank\" rel=\"noreferrer noopener\" href=\"https:\/\/floryaaesthetic.com\/\">Florya Aesthetic<\/a> y la experiencia completa super\u00f3 con creces mis expectativas; los cirujanos fueron incre\u00edblemente profesionales y mi rostro rejuveneci\u00f3 de manera espectacular.\u00bb<\/p>\n\n\n\n<p><strong>Experiencia de Alejandro desde M\u00e9xico:<\/strong><\/p>\n\n\n\n<p>\u00abTras una p\u00e9rdida de peso masiva y dr\u00e1stica, desarroll\u00e9 una laxitud facial muy frustrante que impact\u00f3 negativamente en mi competitiva carrera profesional ejecutiva. Decid\u00ed invertir inteligentemente en el Costo de lifting facial y de cuello en Turqu\u00eda, y el resultado final est\u00e9tico es absolutamente espectacular. Adem\u00e1s, los servicios log\u00edsticos impecables y el alojamiento de lujo eliminaron completamente toda mi ansiedad preoperatoria acumulada.\u00bb<\/p>\n\n\n\n<hr class=\"wp-block-separator has-alpha-channel-opacity\" \/>\n\n\n\n<h2 class=\"wp-block-heading\">Est\u00e1ndares de Seguridad y Costos Ocultos<\/h2>\n\n\n\n<p>Costo de lifting facial y de cuello en Turqu\u00eda garantiza una transparencia financiera absoluta sin tarifas ocultas repentinas que sorprendan injustamente al paciente. Adem\u00e1s, todos los procedimientos quir\u00fargicos complejos se ejecutan bajo el estricto paraguas de est\u00e1ndares de seguridad internacional y reconocidas acreditaciones. <strong>(Seg\u00fan <a target=\"_blank\" rel=\"noreferrer noopener\" href=\"https:\/\/my.clevelandclinic.org\/\">Cleveland Clinic<\/a>, la absoluta transparencia financiera construye de manera s\u00f3lida la confianza vital del paciente).<\/strong><\/p>\n\n\n\n<p>Nuestras instalaciones premium internacionales implementan los siguientes estrictos protocolos de seguridad:<\/p>\n\n\n\n<ul class=\"wp-block-list\">\n<li>Hospitales equipados con avanzadas tecnolog\u00edas quir\u00fargicas mundiales de vanguardia.<\/li>\n\n\n\n<li>Esterilizaci\u00f3n estricta y constante para quir\u00f3fanos e instrumentos m\u00e9dicos.<\/li>\n\n\n\n<li>Equipo de anestesiolog\u00eda experto manejando casos de pacientes complejos.<\/li>\n\n\n\n<li>Precios integrales cerrados que evitan cualquier tarifa oculta repentina.<\/li>\n\n\n\n<li>Utilizaci\u00f3n de materiales m\u00e9dicos internacionales y suturas de alta calidad.<\/li>\n\n\n\n<li>Unidades de cuidados intensivos siempre preparadas para posibles emergencias.<\/li>\n<\/ul>\n\n\n\n<p>En consecuencia, su seguridad m\u00e9dica total es nuestra prioridad absoluta.<\/p>\n\n\n\n<hr class=\"wp-block-separator has-alpha-channel-opacity\" \/>\n\n\n\n<h2 class=\"wp-block-heading\">PRO TIPS \ud83d\udca1 Consejos de Expertos<\/h2>\n\n\n\n<p>Costo de lifting facial y de cuello en Turqu\u00eda representa una gran inversi\u00f3n de vida en su belleza personal, y para obtener ese resultado impecable, necesita conocimientos valiosos de expertos. Escuche atentamente, porque elegir una cl\u00ednica m\u00e9dica de gran reputaci\u00f3n con un historial comprobado de transformaciones verdaderamente exitosas es absolutamente crucial antes de reservar su vuelo.<\/p>\n\n\n\n<p>Adem\u00e1s, exija siempre un presupuesto integral muy claro por adelantado para no verse sorprendido por molestos cargos adicionales aleatorios por medicamentos. Una vez que la cirug\u00eda est\u00e9tica est\u00e9 totalmente terminada, el descanso estricto ininterrumpido es su mejor amigo; evite los movimientos bruscos del cuello por completo y use disciplinadamente su prenda de compresi\u00f3n m\u00e9dica exactamente como indique el cirujano responsable. En \u00faltima instancia, seguir al pie de la letra estos sencillos consejos garantiza que su hinchaz\u00f3n disminuya r\u00e1pidamente y que sus nuevos contornos se asienten de forma natural.<\/p>\n\n\n\n<hr class=\"wp-block-separator has-alpha-channel-opacity\" \/>\n\n\n\n<h2 class=\"wp-block-heading\">An\u00e1lisis Diferencial vs Tratamientos Alternativos<\/h2>\n\n\n\n<p>Costo de lifting facial y de cuello en Turqu\u00eda proporciona una soluci\u00f3n profundamente radical y sorprendentemente permanente que supera significativamente a las alternativas d\u00e9rmicas. Por el contrario, mientras que la intervenci\u00f3n quir\u00fargica real ofrece una reestructuraci\u00f3n muscular muy profunda, los hilos tensores solo brindan mejoras verdaderamente limitadas.<\/p>\n\n\n\n<p>Adem\u00e1s, al comparar detalladamente la intervenci\u00f3n quir\u00fargica completa con otras alternativas superficiales, descubrimos diferencias fundamentales insalvables en la longevidad y la eficacia. Los procedimientos no invasivos de moda, como el ultrasonido HIFU o el l\u00e1ser moderno, podr\u00edan tratar de manera muy superficial la flacidez leve, pero fallan por completo frente a la laxitud severa. Por lo tanto, invertir dinero en cirug\u00eda real reconstruye estructuralmente y de forma segura los tejidos subyacentes, otorgando a los pacientes resultados magn\u00edficos.<\/p>\n\n\n\n<hr class=\"wp-block-separator has-alpha-channel-opacity\" \/>\n\n\n\n<h2 class=\"wp-block-heading\">Log\u00edstica, Reservas y Garant\u00edas M\u00e9dicas<\/h2>\n\n\n\n<p>Costo de lifting facial y de cuello en Turqu\u00eda simplifica enormemente la obtenci\u00f3n de una cita quir\u00fargica altamente confiable a trav\u00e9s de nuestro equipo de coordinaci\u00f3n. Adem\u00e1s, proporcionamos garant\u00edas m\u00e9dicas completas y s\u00f3lidas que le otorgan total tranquilidad emocional desde su llegada hasta su partida segura. Por consiguiente, iniciar su maravilloso viaje transformador es sumamente sencillo hoy en d\u00eda.<\/p>\n\n\n\n<p>Reservar su viaje m\u00e9dico integral implica realizar estos pasos directos:<\/p>\n\n\n\n<ul class=\"wp-block-list\">\n<li>Contactar canales oficiales para programar una consulta gratuita inmediata.<\/li>\n\n\n\n<li>Enviar fotograf\u00edas claras para realizar una evaluaci\u00f3n m\u00e9dica precisa.<\/li>\n\n\n\n<li>Recibir un plan de tratamiento muy detallado y presupuesto formal.<\/li>\n\n\n\n<li>Programar la fecha ideal disponible para su cirug\u00eda est\u00e9tica transformadora.<\/li>\n\n\n\n<li>Reservar vuelos a\u00e9reos y confirmar formalmente los detalles de llegada.<\/li>\n\n\n\n<li>Reunirse con nuestro coordinador m\u00e9dico biling\u00fce a su llegada.<\/li>\n<\/ul>\n\n\n\n<p>Por lo tanto, garantizamos firmemente una experiencia m\u00e9dica completamente sin estr\u00e9s.<\/p>\n\n\n\n<figure class=\"wp-block-image size-large\"><img decoding=\"async\" width=\"1024\" height=\"635\" src=\"https:\/\/floryaaesthetic.com\/wp-content\/uploads\/2026\/03\/Face-and-Neck-Lift-Benefits-in-Turkey-3-1024x635.jpg\" alt=\"Doctor amigable dando una c\u00e1lida bienvenida a los pacientes en la ciudad de Estambul\" class=\"wp-image-46393\" srcset=\"https:\/\/floryaaesthetic.com\/wp-content\/uploads\/2026\/03\/Face-and-Neck-Lift-Benefits-in-Turkey-3-1024x635.jpg 1024w, https:\/\/floryaaesthetic.com\/wp-content\/uploads\/2026\/03\/Face-and-Neck-Lift-Benefits-in-Turkey-3-300x186.jpg 300w, https:\/\/floryaaesthetic.com\/wp-content\/uploads\/2026\/03\/Face-and-Neck-Lift-Benefits-in-Turkey-3-768x476.jpg 768w, https:\/\/floryaaesthetic.com\/wp-content\/uploads\/2026\/03\/Face-and-Neck-Lift-Benefits-in-Turkey-3.jpg 1080w\" sizes=\"(max-width: 1024px) 100vw, 1024px\" \/><figcaption class=\"wp-element-caption\">Doctor amigable dando una c\u00e1lida bienvenida a los pacientes en la ciudad de Estambul<\/figcaption><\/figure>\n\n\n\n<hr class=\"wp-block-separator has-alpha-channel-opacity\" \/>\n\n\n\n<h2 class=\"wp-block-heading\">Conclusi\u00f3n y Veredicto Final<\/h2>\n\n\n\n<p>Costo de lifting facial y de cuello en Turqu\u00eda (Face and Neck Lift Cost in Turkey) representa indiscutiblemente la elecci\u00f3n definitiva para cualquiera que busque calidad. Adem\u00e1s, este procedimiento maestro fusiona a la perfecci\u00f3n el gran dominio quir\u00fargico avanzado con una atenci\u00f3n sumamente lujosa para otorgarle juventud. Finalmente, <a target=\"_blank\" rel=\"noreferrer noopener\" href=\"https:\/\/floryaaesthetic.com\/\">Florya Aesthetic<\/a> espera ansiosamente su consulta inicial hoy mismo, as\u00ed que, \u00bfest\u00e1 listo para comenzar a brillar?<\/p>\n\n\n\n<hr class=\"wp-block-separator has-alpha-channel-opacity\" \/>\n\n\n\n<h2 class=\"wp-block-heading\">Preguntas Frecuentes (FAQ)<\/h2>\n\n\n\n<p>Costo de lifting facial y de cuello en Turqu\u00eda genera habitualmente varias consultas cr\u00edticas que abordamos de manera totalmente proactiva con absoluta precisi\u00f3n t\u00e9cnica. Por consiguiente, revise detenidamente estas preguntas altamente comunes a continuaci\u00f3n para ayudar positivamente en su proceso final de toma de decisiones.<\/p>\n\n\n\n<h3 class=\"wp-block-heading\">\u00bfSon los resultados del lifting quir\u00fargico permanentes o temporales?<\/h3>\n\n\n\n<p>Costo de lifting facial y de cuello en Turqu\u00eda asegura resultados est\u00e9ticos muy duraderos que suelen mantenerse gloriosamente entre diez y quince a\u00f1os completos debido al levantamiento profundo SMAS. Sin embargo, el envejecimiento biol\u00f3gico natural de la piel contin\u00faa, por lo que una buena rutina cosm\u00e9tica ayuda.<\/p>\n\n\n\n<h3 class=\"wp-block-heading\">\u00bfCu\u00e1ndo puedo volver a mis actividades diarias y al trabajo?<\/h3>\n\n\n\n<p>La mayor\u00eda de los pacientes internacionales globales regresan al trabajo de oficina est\u00e1ndar de forma segura aproximadamente dos semanas despu\u00e9s de la intervenci\u00f3n quir\u00fargica m\u00e9dica. A la inversa, debe evitar estrictamente las actividades f\u00edsicas muy intensas y levantar cualquier tipo de objetos pesados durante semanas.<\/p>\n\n\n\n<h3 class=\"wp-block-heading\">\u00bfEl precio final cotizado incluye alojamiento en hotel y traslados?<\/h3>\n\n\n\n<p>Costo de lifting facial y de cuello en Turqu\u00eda incluye absolutamente el lujoso alojamiento en un hotel premium de cinco estrellas y traslados privados VIP. Adem\u00e1s, garantizamos meticulosamente una experiencia VIP totalmente sin estr\u00e9s sin imponer en ning\u00fan momento tarifas ocultas adicionales a nuestros pacientes.<\/p>\n","protected":false},"excerpt":{"rendered":"<p>Costo de lifting facial y de cuello en Turqu\u00eda (Face and Neck Lift Cost in Turkey) representa una inversi\u00f3n primordial en su viaje de rejuvenecimiento personal absoluto. Por consiguiente, elegir una instituci\u00f3n mundialmente reconocida como Florya Aesthetic garantiza recibir atenci\u00f3n m\u00e9dica acreditada. En \u00faltima instancia, comprender detalladamente el Costo de lifting facial y de cuello [&hellip;]<\/p>\n","protected":false},"author":6,"featured_media":46425,"comment_status":"open","ping_status":"open","sticky":false,"template":"","format":"standard","meta":{"ocean_post_layout":"","ocean_both_sidebars_style":"","ocean_both_sidebars_content_width":0,"ocean_both_sidebars_sidebars_width":0,"ocean_sidebar":"","ocean_second_sidebar":"","ocean_disable_margins":"enable","ocean_add_body_class":"","ocean_shortcode_before_top_bar":"","ocean_shortcode_after_top_bar":"","ocean_shortcode_before_header":"","ocean_shortcode_after_header":"","ocean_has_shortcode":"","ocean_shortcode_after_title":"","ocean_shortcode_before_footer_widgets":"","ocean_shortcode_after_footer_widgets":"","ocean_shortcode_before_footer_bottom":"","ocean_shortcode_after_footer_bottom":"","ocean_display_top_bar":"default","ocean_display_header":"default","ocean_header_style":"","ocean_center_header_left_menu":"","ocean_custom_header_template":"","ocean_custom_logo":0,"ocean_custom_retina_logo":0,"ocean_custom_logo_max_width":0,"ocean_custom_logo_tablet_max_width":0,"ocean_custom_logo_mobile_max_width":0,"ocean_custom_logo_max_height":0,"ocean_custom_logo_tablet_max_height":0,"ocean_custom_logo_mobile_max_height":0,"ocean_header_custom_menu":"","ocean_menu_typo_font_family":"","ocean_menu_typo_font_subset":"","ocean_menu_typo_font_size":0,"ocean_menu_typo_font_size_tablet":0,"ocean_menu_typo_font_size_mobile":0,"ocean_menu_typo_font_size_unit":"px","ocean_menu_typo_font_weight":"","ocean_menu_typo_font_weight_tablet":"","ocean_menu_typo_font_weight_mobile":"","ocean_menu_typo_transform":"","ocean_menu_typo_transform_tablet":"","ocean_menu_typo_transform_mobile":"","ocean_menu_typo_line_height":0,"ocean_menu_typo_line_height_tablet":0,"ocean_menu_typo_line_height_mobile":0,"ocean_menu_typo_line_height_unit":"","ocean_menu_typo_spacing":0,"ocean_menu_typo_spacing_tablet":0,"ocean_menu_typo_spacing_mobile":0,"ocean_menu_typo_spacing_unit":"","ocean_menu_link_color":"","ocean_menu_link_color_hover":"","ocean_menu_link_color_active":"","ocean_menu_link_background":"","ocean_menu_link_hover_background":"","ocean_menu_link_active_background":"","ocean_menu_social_links_bg":"","ocean_menu_social_hover_links_bg":"","ocean_menu_social_links_color":"","ocean_menu_social_hover_links_color":"","ocean_disable_title":"default","ocean_disable_heading":"default","ocean_post_title":"","ocean_post_subheading":"","ocean_post_title_style":"","ocean_post_title_background_color":"","ocean_post_title_background":0,"ocean_post_title_bg_image_position":"","ocean_post_title_bg_image_attachment":"","ocean_post_title_bg_image_repeat":"","ocean_post_title_bg_image_size":"","ocean_post_title_height":0,"ocean_post_title_bg_overlay":0.5,"ocean_post_title_bg_overlay_color":"","ocean_disable_breadcrumbs":"default","ocean_breadcrumbs_color":"","ocean_breadcrumbs_separator_color":"","ocean_breadcrumbs_links_color":"","ocean_breadcrumbs_links_hover_color":"","ocean_display_footer_widgets":"default","ocean_display_footer_bottom":"default","ocean_custom_footer_template":"","ofc_meta_disable_footer_callout":"","ofc_meta_callout_button_url":"","ofc_meta_callout_button_txt":"","ofc_meta_callout_text":"","ofc_enable_fullscreen":"disable","ofc_fullscreen_speed":0,"ofc_fullscreen_nav":"enable","ofc_fullscreen_nav_pos":"right","ofc_fullscreen_nav_color":"","ofc_fullscreen_nav_tooltip_color":"","ofc_fullscreen_responsive":0,"osh_disable_topbar_sticky":"default","osh_disable_header_sticky":"default","osh_sticky_header_style":"default","osh_sticky_header_effect":"","osh_custom_sticky_logo":0,"osh_custom_retina_sticky_logo":0,"osh_custom_sticky_logo_height":0,"osh_background_color":"","osh_links_color":"","osh_links_hover_color":"","osh_links_active_color":"","osh_links_bg_color":"","osh_links_hover_bg_color":"","osh_links_active_bg_color":"","osh_menu_social_links_color":"","osh_menu_social_hover_links_color":"","_joinchat":[],"ocean_post_oembed":"","ocean_post_self_hosted_media":"","ocean_post_video_embed":"","ocean_link_format":"","ocean_link_format_target":"self","ocean_quote_format":"","ocean_quote_format_link":"post","ocean_gallery_link_images":"on","ocean_gallery_id":[],"footnotes":""},"categories":[1658],"tags":[22156,2277,2184,1943,1609,35795,16820,35842,10472,21794,35843,1763,11304,5158,5083,3340,23255,35844,5039,2181,4711,5206,4628,35845,1451],"class_list":["post-46426","post","type-post","status-publish","format-standard","has-post-thumbnail","hentry","category-estetica-facial-y-de-cuello","tag-cirugia-de-cuello","tag-cirugia-plastica-turquia","tag-cirujano-plastico-turquia","tag-clinica-estambul","tag-clinica-estetica","tag-contorno-de-cuello","tag-costo-cirugia-estetica","tag-costo-estiramiento-cuello","tag-eliminacion-papada","tag-estiramiento-de-cuello","tag-lifting-economico-2","tag-lifting-facial","tag-lifting-inferior","tag-lifting-plano-profundo","tag-lifting-smas","tag-mini-lifting","tag-opiniones-lifting-turquia","tag-paquetes-lifting-turquia","tag-precio-lifting-facial","tag-rejuvenecimiento-facial","tag-resultados-esteticos","tag-ritidectomia","tag-tensado-de-piel","tag-tratamiento-envejecimiento","tag-turismo-medico-turquia","entry","has-media"],"_links":{"self":[{"href":"https:\/\/floryaaesthetic.com\/es\/wp-json\/wp\/v2\/posts\/46426","targetHints":{"allow":["GET"]}}],"collection":[{"href":"https:\/\/floryaaesthetic.com\/es\/wp-json\/wp\/v2\/posts"}],"about":[{"href":"https:\/\/floryaaesthetic.com\/es\/wp-json\/wp\/v2\/types\/post"}],"author":[{"embeddable":true,"href":"https:\/\/floryaaesthetic.com\/es\/wp-json\/wp\/v2\/users\/6"}],"replies":[{"embeddable":true,"href":"https:\/\/floryaaesthetic.com\/es\/wp-json\/wp\/v2\/comments?post=46426"}],"version-history":[{"count":0,"href":"https:\/\/floryaaesthetic.com\/es\/wp-json\/wp\/v2\/posts\/46426\/revisions"}],"wp:featuredmedia":[{"embeddable":true,"href":"https:\/\/floryaaesthetic.com\/es\/wp-json\/wp\/v2\/media\/46425"}],"wp:attachment":[{"href":"https:\/\/floryaaesthetic.com\/es\/wp-json\/wp\/v2\/media?parent=46426"}],"wp:term":[{"taxonomy":"category","embeddable":true,"href":"https:\/\/floryaaesthetic.com\/es\/wp-json\/wp\/v2\/categories?post=46426"},{"taxonomy":"post_tag","embeddable":true,"href":"https:\/\/floryaaesthetic.com\/es\/wp-json\/wp\/v2\/tags?post=46426"}],"curies":[{"name":"wp","href":"https:\/\/api.w.org\/{rel}","templated":true}]}}