{"id":40514,"date":"2026-02-23T05:08:17","date_gmt":"2026-02-23T02:08:17","guid":{"rendered":"https:\/\/floryaaesthetic.com\/?p=40514"},"modified":"2026-02-23T05:08:17","modified_gmt":"2026-02-23T02:08:17","slug":"mi-experiencia-con-la-reduccion-de-frente-en-turquia","status":"publish","type":"post","link":"https:\/\/floryaaesthetic.com\/es\/40514\/mi-experiencia-con-la-reduccion-de-frente-en-turquia\/","title":{"rendered":"Mi Experiencia con la Reducci\u00f3n de Frente en Turqu\u00eda | 5 Pasos"},"content":{"rendered":"\n<p>Mi Experiencia con la Reducci\u00f3n de Frente en Turqu\u00eda (Forehead Reduction in Turkey) transform\u00f3 completamente mi vida, brind\u00e1ndome una confianza absoluta gracias a la excelencia de <a target=\"_blank\" rel=\"noreferrer noopener\" href=\"https:\/\/floryaaesthetic.com\/\">Florya Aesthetic<\/a>. Adem\u00e1s, este avanzado procedimiento cosm\u00e9tico restaur\u00f3 mi armon\u00eda facial de manera definitiva y profundamente impactante. Finalmente, Mi Experiencia con la Reducci\u00f3n de Frente en Turqu\u00eda super\u00f3 con creces todas mis expectativas est\u00e9ticas.<\/p>\n\n\n\n<hr class=\"wp-block-separator has-alpha-channel-opacity\" \/>\n\n\n\n<h2 class=\"wp-block-heading\">Respuesta Directa sobre el Procedimiento<\/h2>\n\n\n\n<p>Mi Experiencia con la Reducci\u00f3n de Frente en Turqu\u00eda es una intervenci\u00f3n quir\u00fargica altamente segura y efectiva dise\u00f1ada espec\u00edficamente para disminuir dr\u00e1sticamente el tama\u00f1o del \u00e1rea frontal prominente. Por consiguiente, los cirujanos pl\u00e1sticos expertos remueven el exceso de piel cuidadosamente, avanzando el cuero cabelludo hacia adelante. Adem\u00e1s, Mi Experiencia con la Reducci\u00f3n de Frente en Turqu\u00eda ofrece proporciones faciales equilibradas permanentemente sin dejar cicatrices altamente visibles a largo plazo.<\/p>\n\n\n\n<hr class=\"wp-block-separator has-alpha-channel-opacity\" \/>\n\n\n\n<h2 class=\"wp-block-heading\">Razones para Elegir la Cirug\u00eda<\/h2>\n\n\n\n<p>Mi Experiencia con la Reducci\u00f3n de Frente en Turqu\u00eda fue impulsada por m\u00faltiples factores m\u00e9dicos complejos y motivaciones est\u00e9ticas profundamente personales que requer\u00edan una soluci\u00f3n quir\u00fargica definitiva. Por otro lado, estos motivos individuales var\u00edan considerablemente seg\u00fan la gen\u00e9tica y los objetivos est\u00e9ticos espec\u00edficos de cada paciente internacional.<\/p>\n\n\n\n<ul class=\"wp-block-list\">\n<li>Corregir una l\u00ednea capilar gen\u00e9ticamente muy alta.<\/li>\n\n\n\n<li>Equilibrar las proporciones faciales globales con extrema precisi\u00f3n.<\/li>\n\n\n\n<li>Eliminar la profunda incomodidad psicol\u00f3gica constante diaria.<\/li>\n\n\n\n<li>Buscar una soluci\u00f3n quir\u00fargica est\u00e9tica estrictamente permanente.<\/li>\n\n\n\n<li>Evitar el uso frustrante de maquillaje pesado para ocultar.<\/li>\n\n\n\n<li>Desear una apariencia facial mucho m\u00e1s joven y fresca.<\/li>\n\n\n\n<li>Erradicar la paralizante ansiedad social sobre la imagen personal.<\/li>\n<\/ul>\n\n\n\n<p>Por lo tanto, resolver estos problemas est\u00e9ticos espec\u00edficos de manera directa mejora fundamentalmente el bienestar emocional y mental de todos los pacientes afectados.<\/p>\n\n\n\n<figure class=\"wp-block-image size-large\"><img fetchpriority=\"high\" decoding=\"async\" width=\"1024\" height=\"635\" src=\"https:\/\/floryaaesthetic.com\/wp-content\/uploads\/2026\/02\/My-Experience-with-Forehead-Reduction-in-Turkey-1-1024x635.jpg\" alt=\"Esc\u00e1ner 3D avanzado centrado en la anatom\u00eda y contorno de la frente.\" class=\"wp-image-40510\" srcset=\"https:\/\/floryaaesthetic.com\/wp-content\/uploads\/2026\/02\/My-Experience-with-Forehead-Reduction-in-Turkey-1-1024x635.jpg 1024w, https:\/\/floryaaesthetic.com\/wp-content\/uploads\/2026\/02\/My-Experience-with-Forehead-Reduction-in-Turkey-1-300x186.jpg 300w, https:\/\/floryaaesthetic.com\/wp-content\/uploads\/2026\/02\/My-Experience-with-Forehead-Reduction-in-Turkey-1-768x476.jpg 768w, https:\/\/floryaaesthetic.com\/wp-content\/uploads\/2026\/02\/My-Experience-with-Forehead-Reduction-in-Turkey-1.jpg 1080w\" sizes=\"(max-width: 1024px) 100vw, 1024px\" \/><figcaption class=\"wp-element-caption\">Esc\u00e1ner 3D avanzado centrado en la anatom\u00eda y contorno de la frente.<\/figcaption><\/figure>\n\n\n\n<hr class=\"wp-block-separator has-alpha-channel-opacity\" \/>\n\n\n\n<h2 class=\"wp-block-heading\">Por Qu\u00e9 Elegir Turqu\u00eda para la Cirug\u00eda<\/h2>\n\n\n\n<p>Mi Experiencia con la Reducci\u00f3n de Frente en Turqu\u00eda demuestra claramente que este destino ofrece una excelencia m\u00e9dica mundial combinada con un valor financiero verdaderamente inigualable y excepcional. Adem\u00e1s, la s\u00f3lida infraestructura del turismo m\u00e9dico garantiza indiscutiblemente a los pacientes internacionales viajes de salud altamente fluidos, lujosos y libres de cualquier estr\u00e9s.<\/p>\n\n\n\n<ul class=\"wp-block-list\">\n<li>Acceder f\u00e1cilmente a cirujanos pl\u00e1sticos mundialmente certificados y reconocidos.<\/li>\n\n\n\n<li>Disfrutar de estructuras de precios extremadamente competitivas globalmente.<\/li>\n\n\n\n<li>Beneficiarse de paquetes de turismo m\u00e9dico VIP con todo incluido.<\/li>\n\n\n\n<li>Utilizar instalaciones hospitalarias modernas rigurosamente acreditadas por la JCI.<\/li>\n\n\n\n<li>Recibir traslados privados desde aeropuertos internacionales principales.<\/li>\n\n\n\n<li>Aprovechar t\u00e9cnicas quir\u00fargicas avanzadas, innovadoras y m\u00ednimamente invasivas.<\/li>\n\n\n\n<li>Obtener cuidados de enfermer\u00eda postoperatoria de calidad mundial ininterrumpida.<\/li>\n<\/ul>\n\n\n\n<p>En consecuencia, estas ventajas masivas e impresionantes hacen indudablemente de este pa\u00eds la elecci\u00f3n est\u00e9tica suprema y definitiva a nivel internacional.<\/p>\n\n\n\n<hr class=\"wp-block-separator has-alpha-channel-opacity\" \/>\n\n\n\n<h2 class=\"wp-block-heading\">Desglose Detallado de los Costos<\/h2>\n\n\n\n<p>Mi Experiencia con la Reducci\u00f3n de Frente en Turqu\u00eda revel\u00f3 ventajas econ\u00f3micas absolutamente masivas para los pacientes sin comprometer nunca la calidad cl\u00ednica superior proporcionada por los hospitales de \u00e9lite. Adem\u00e1s, los pacientes globales ahorran habitualmente miles de euros mientras reciben servicios de salud VIP ininterrumpidos de primer nivel. Por consiguiente, Mi Experiencia con la Reducci\u00f3n de Frente en Turqu\u00eda sigue siendo financieramente imbatible.<\/p>\n\n\n\n<figure class=\"wp-block-table\"><table class=\"has-fixed-layout\"><thead><tr><td><strong>Procedimiento Quir\u00fargico y Servicios Cl\u00ednicos Asociados<\/strong><\/td><td><strong>Turqu\u00eda<\/strong><\/td><td><strong>Europa<\/strong><\/td><td><strong>Golfo<\/strong><\/td><\/tr><\/thead><tbody><tr><td>Reducci\u00f3n frontal quir\u00fargica estandarizada para pacientes adultos calificados<\/td><td><strong>2500 \u20ac<\/strong><\/td><td>6000 \u20ac<\/td><td>5500 \u20ac<\/td><\/tr><tr><td>Avance avanzado de la l\u00ednea capilar con incisiones m\u00ednimas precisas<\/td><td><strong>2700 \u20ac<\/strong><\/td><td>6500 \u20ac<\/td><td>5800 \u20ac<\/td><\/tr><tr><td>Reducci\u00f3n frontal est\u00e9tica combinada con un injerto capilar milim\u00e9trico<\/td><td><strong>3500 \u20ac<\/strong><\/td><td>8000 \u20ac<\/td><td>7500 \u20ac<\/td><\/tr><tr><td>Consulta m\u00e9dica detallada y planificaci\u00f3n quir\u00fargica digital 3D avanzada<\/td><td><strong>Incluido<\/strong><\/td><td>200 \u20ac<\/td><td>150 \u20ac<\/td><\/tr><tr><td>Administraci\u00f3n de anestesia general y estancia hospitalaria privada completa<\/td><td><strong>Incluido<\/strong><\/td><td>1000 \u20ac<\/td><td>800 \u20ac<\/td><\/tr><tr><td>Medicamentos analg\u00e9sicos postoperatorios y tratamientos antibi\u00f3ticos cl\u00ednicos esenciales<\/td><td><strong>Incluido<\/strong><\/td><td>150 \u20ac<\/td><td>100 \u20ac<\/td><\/tr><tr><td>Traslados VIP privados y lujosos desde aeropuertos internacionales principales<\/td><td><strong>Incluido<\/strong><\/td><td>300 \u20ac<\/td><td>250 \u20ac<\/td><\/tr><tr><td>Alojamiento premium en hotel de cinco estrellas durante la recuperaci\u00f3n<\/td><td><strong>Incluido<\/strong><\/td><td>1200 \u20ac<\/td><td>1000 \u20ac<\/td><\/tr><tr><td>Seguimiento m\u00e9dico rutinario y monitorizaci\u00f3n meticulosa de heridas cicatrizantes<\/td><td><strong>Incluido<\/strong><\/td><td>400 \u20ac<\/td><td>300 \u20ac<\/td><\/tr><tr><td>Cuidados de enfermer\u00eda dedicados y asistencia m\u00e9dica continua de urgencia<\/td><td><strong>Incluido<\/strong><\/td><td>500 \u20ac<\/td><td>400 \u20ac<\/td><\/tr><\/tbody><\/table><\/figure>\n\n\n\n<hr class=\"wp-block-separator has-alpha-channel-opacity\" \/>\n\n\n\n<h2 class=\"wp-block-heading\">Pasos de la Intervenci\u00f3n Quir\u00fargica<\/h2>\n\n\n\n<p>Mi Experiencia con la Reducci\u00f3n de Frente en Turqu\u00eda implic\u00f3 un proceso quir\u00fargico perfectamente orquestado y altamente meticuloso dise\u00f1ado expresamente para garantizar el m\u00e1ximo \u00e9xito cl\u00ednico posible sin margen de error. Adem\u00e1s, los cirujanos de \u00e9lite siguen estrictamente protocolos m\u00e9dicos exactos para salvaguardar perfectamente la salud del paciente y maximizar los resultados est\u00e9ticos esperados.<\/p>\n\n\n\n<ul class=\"wp-block-list\">\n<li>Administrar anestesia general profunda garantizando comodidad total del paciente.<\/li>\n\n\n\n<li>Crear una incisi\u00f3n capilar irregular en zigzag de alta precisi\u00f3n.<\/li>\n\n\n\n<li>Remover el tejido cut\u00e1neo frontal excedente previamente y cuidadosamente medido.<\/li>\n\n\n\n<li>Avanzar delicadamente y con firmeza el tejido del cuero cabelludo soltado.<\/li>\n\n\n\n<li>Asegurar firmemente el tejido cut\u00e1neo avanzado usando suturas quir\u00fargicas absorbibles.<\/li>\n\n\n\n<li>Aplicar vendajes m\u00e9dicos altamente est\u00e9riles y protectores sobre la incisi\u00f3n.<\/li>\n<\/ul>\n\n\n\n<p>Finalmente, la ejecuci\u00f3n extremadamente precisa de estos complejos pasos quir\u00fargicos garantiza estrictamente resultados est\u00e9ticos permanentes y muy naturales a largo plazo. <strong>(Seg\u00fan <a target=\"_blank\" rel=\"noreferrer noopener\" href=\"https:\/\/www.plasticsurgery.org\/\">ASPS<\/a>, la precisi\u00f3n art\u00edstica minuciosa de la incisi\u00f3n inicial dicta cr\u00edticamente el resultado est\u00e9tico final y minimiza considerablemente la visibilidad de la cicatriz).<\/strong><\/p>\n\n\n\n<blockquote class=\"wp-block-quote is-layout-flow wp-block-quote-is-layout-flow\">\n<p>\u00abAlcanzar una verdadera armon\u00eda facial perfecta exige una comprensi\u00f3n anat\u00f3mica extremadamente profunda y una ejecuci\u00f3n quir\u00fargica absolutamente impecable, ofreciendo as\u00ed a los pacientes resultados completamente naturales y estrictamente permanentes que elevan instant\u00e1neamente su autoestima.\u00bb &#8211; Cirujano Principal en Florya Aesthetic.<\/p>\n<\/blockquote>\n\n\n\n<hr class=\"wp-block-separator has-alpha-channel-opacity\" \/>\n\n\n\n<h2 class=\"wp-block-heading\">Candidatos Ideales para el Procedimiento<\/h2>\n\n\n\n<p>Mi Experiencia con la Reducci\u00f3n de Frente en Turqu\u00eda exigi\u00f3 superar una evaluaci\u00f3n m\u00e9dica preoperatoria extremadamente estricta y detallada antes de obtener la aprobaci\u00f3n cl\u00ednica oficial definitiva para la cirug\u00eda mayor. Por el contrario, no todos los individuos curiosos califican autom\u00e1ticamente para esta intervenci\u00f3n cosm\u00e9tica altamente especializada y compleja.<\/p>\n\n\n\n<ul class=\"wp-block-list\">\n<li>Personas con una frente naturalmente ancha y gen\u00e9ticamente muy prominente.<\/li>\n\n\n\n<li>Pacientes mostrando una excelente flexibilidad y movilidad del cuero cabelludo sano.<\/li>\n\n\n\n<li>Mujeres sin p\u00e9rdida capilar activa, agresiva o calvicie progresiva constante.<\/li>\n\n\n\n<li>Adultos completamente sanos sin enfermedades cr\u00f3nicas m\u00e9dicas graves subyacentes presentes.<\/li>\n\n\n\n<li>Individuos manteniendo expectativas est\u00e9ticas cl\u00ednicas realistas y psicol\u00f3gicamente muy s\u00f3lidas.<\/li>\n\n\n\n<li>No fumadores estrictamente comprometidos con protocolos de curaci\u00f3n prolongados y \u00f3ptimos.<\/li>\n\n\n\n<li>Pacientes totalmente dispuestos a seguir las instrucciones postoperatorias inflexibles rigurosamente.<\/li>\n<\/ul>\n\n\n\n<p>Sin embargo, la consulta cl\u00ednica profunda y honesta con un cirujano pl\u00e1stico certificado sigue siendo el paso absolutamente obligatorio para confirmar definitivamente la idoneidad m\u00e9dica.<\/p>\n\n\n\n<hr class=\"wp-block-separator has-alpha-channel-opacity\" \/>\n\n\n\n<h2 class=\"wp-block-heading\">Pros y Contras del Procedimiento<\/h2>\n\n\n\n<p>Mi Experiencia con la Reducci\u00f3n de Frente en Turqu\u00eda requiere un an\u00e1lisis intensamente honesto y muy equilibrado que eval\u00fae las incre\u00edbles ventajas psicol\u00f3gicas masivas frente a los posibles inconvenientes quir\u00fargicos temporales. Por lo tanto, la transparencia m\u00e9dica absoluta ayuda considerablemente a los pacientes potenciales a tomar decisiones cl\u00ednicas firmes y bien informadas. Mi Experiencia con la Reducci\u00f3n de Frente en Turqu\u00eda demuestra abrumadoramente que los beneficios superan ampliamente a los retos temporales.<\/p>\n\n\n\n<figure class=\"wp-block-table\"><table class=\"has-fixed-layout\"><thead><tr><td><strong>Ventajas Cosm\u00e9ticas y Psicol\u00f3gicas Masivas (Pros)<\/strong><\/td><td><strong>Riesgos Potenciales e Inconvenientes Quir\u00fargicos (Cons)<\/strong><\/td><\/tr><\/thead><tbody><tr><td>Reducci\u00f3n inmediata y altamente visible del tama\u00f1o global de la frente<\/td><td>Hinchaz\u00f3n temporal leve y hematomas moderados alrededor de los ojos superiores<\/td><\/tr><tr><td>Mejora dr\u00e1stica y estrictamente permanente de la simetr\u00eda facial global<\/td><td>Cicatriz quir\u00fargica ultrafina y ligera que se desvanece muy gradualmente<\/td><\/tr><tr><td>Aumento masivo de la confianza personal, transformando positivamente la vida diaria<\/td><td>Requiere aproximadamente dos semanas de tiempo de recuperaci\u00f3n estricto y cuidadoso<\/td><\/tr><tr><td>Resultados estrictamente permanentes que no requieren futuras cirug\u00edas de revisi\u00f3n costosas<\/td><td>Entumecimiento temporal del cuero cabelludo o alteraci\u00f3n leve de sensaciones localizadas<\/td><\/tr><tr><td>Libertad total para peinar el cabello sin ninguna restricci\u00f3n est\u00e9tica anterior<\/td><td>Exige una adherencia estricta a reglas de seguimiento postoperatorio muy complejas<\/td><\/tr><tr><td>Procedimiento m\u00e9dico altamente seguro manteniendo rigurosos est\u00e1ndares globales de excelencia cl\u00ednica<\/td><td>Potencial de p\u00e9rdida capilar por choque temporal cerca de la incisi\u00f3n quir\u00fargica<\/td><\/tr><tr><td>Integraci\u00f3n perfecta y fluida con otras cirug\u00edas pl\u00e1sticas faciales complementarias simult\u00e1neas<\/td><td>La inversi\u00f3n financiera inicial puede disuadir ligeramente a pacientes con presupuestos muy ajustados<\/td><\/tr><tr><td>Elimina completamente la necesidad agotadora del camuflaje cosm\u00e9tico diario con maquillaje pesado<\/td><td>Puede requerir ocasionalmente un injerto capilar folicular menor como seguimiento altamente est\u00e9tico<\/td><\/tr><\/tbody><\/table><\/figure>\n\n\n\n<hr class=\"wp-block-separator has-alpha-channel-opacity\" \/>\n\n\n\n<h2 class=\"wp-block-heading\">Servicios VIP Exclusivos Incluidos<\/h2>\n\n\n\n<p>Mi Experiencia con la Reducci\u00f3n de Frente en Turqu\u00eda fue profundamente magnificada y sublimada por los servicios de lujo excepcionales proporcionados durante toda mi estad\u00eda m\u00e9dica de recuperaci\u00f3n en la cl\u00ednica. Adem\u00e1s, <a target=\"_blank\" rel=\"noreferrer noopener\" href=\"https:\/\/floryaaesthetic.com\/\">Florya Aesthetic<\/a> asegura rigurosamente que los pacientes internacionales experimenten un confort VIP absoluto sin el m\u00e1s m\u00ednimo estr\u00e9s log\u00edstico.<\/p>\n\n\n\n<ul class=\"wp-block-list\">\n<li>Veh\u00edculos premium de lujo con chofer privado para traslados locales necesarios.<\/li>\n\n\n\n<li>Alojamiento superior de lujo en hoteles internacionales \u00e9lite de cinco estrellas.<\/li>\n\n\n\n<li>Traductores m\u00e9dicos nativos personales dedicados disponibles las veinticuatro horas del d\u00eda.<\/li>\n\n\n\n<li>An\u00e1lisis de sangre y evaluaciones cardiovasculares preoperatorias completas, avanzadas y exhaustivas.<\/li>\n\n\n\n<li>Kits m\u00e9dicos gratuitos equipados con todos los medicamentos postoperatorios de calidad superior.<\/li>\n\n\n\n<li>Visitas tur\u00edsticas guiadas opcionales altamente organizadas por la hist\u00f3rica y hermosa Estambul.<\/li>\n<\/ul>\n\n\n\n<p>Finalmente, proporcionar estos servicios log\u00edsticos perfectamente integrados garantiza una tranquilidad psicol\u00f3gica total y absoluta para cada paciente internacional que viaja por motivos est\u00e9ticos.<\/p>\n\n\n\n<hr class=\"wp-block-separator has-alpha-channel-opacity\" \/>\n\n\n\n<h2 class=\"wp-block-heading\">Mitos Comunes y Hechos Reales<\/h2>\n\n\n\n<p>Mi Experiencia con la Reducci\u00f3n de Frente en Turqu\u00eda ayuda a disipar con firmeza y autoridad varios mitos incre\u00edblemente persistentes y totalmente falsos que rodean a esta cirug\u00eda est\u00e9tica tan especializada. Adem\u00e1s, la desinformaci\u00f3n desenfrenada a menudo asusta innecesariamente a muchos pacientes internacionales que ser\u00edan candidatos excelentes. <strong>(Seg\u00fan <a target=\"_blank\" rel=\"noreferrer noopener\" href=\"https:\/\/www.isaps.org\/\">ISAPS<\/a>, proporcionar educaci\u00f3n m\u00e9dica detallada y rigurosa basada en hechos reduce considerablemente la ansiedad cl\u00ednica preoperatoria y aumenta sistem\u00e1ticamente la satisfacci\u00f3n global).<\/strong><\/p>\n\n\n\n<p>Muchos pacientes profundamente ansiosos creen falsamente que esta cirug\u00eda causa calvicie severa y definitiva; sin embargo, la estricta verdad m\u00e9dica es que un cirujano altamente calificado preserva perfectamente los fol\u00edculos pilosos vitales durante la incisi\u00f3n inicial. Otro mito incre\u00edblemente com\u00fan afirma err\u00f3neamente que los resultados est\u00e9ticos simplemente se desvanecen con el tiempo, pero remover f\u00edsicamente el exceso de tejido cut\u00e1neo garantiza matem\u00e1ticamente una l\u00ednea capilar disminuida de forma estrictamente permanente. Finalmente, algunos pacientes temen intensamente que quede una cicatriz quir\u00fargica muy visible y desagradable para siempre. Por el contrario, las t\u00e9cnicas modernas de incisi\u00f3n irregular en zigzag ocultan inteligentemente la cicatriz ultrafina directamente dentro de la l\u00ednea de crecimiento natural del cabello, haci\u00e9ndola pr\u00e1cticamente invisible una vez concluida la fase de maduraci\u00f3n.<\/p>\n\n\n\n<figure class=\"wp-block-image size-large\"><img decoding=\"async\" width=\"1024\" height=\"635\" src=\"https:\/\/floryaaesthetic.com\/wp-content\/uploads\/2026\/02\/My-Experience-with-Forehead-Reduction-in-Turkey-2-1024x635.jpg\" alt=\"Primer plano cinematogr\u00e1fico del resultado perfecto y est\u00e9tico de la frente.\" class=\"wp-image-40511\" srcset=\"https:\/\/floryaaesthetic.com\/wp-content\/uploads\/2026\/02\/My-Experience-with-Forehead-Reduction-in-Turkey-2-1024x635.jpg 1024w, https:\/\/floryaaesthetic.com\/wp-content\/uploads\/2026\/02\/My-Experience-with-Forehead-Reduction-in-Turkey-2-300x186.jpg 300w, https:\/\/floryaaesthetic.com\/wp-content\/uploads\/2026\/02\/My-Experience-with-Forehead-Reduction-in-Turkey-2-768x476.jpg 768w, https:\/\/floryaaesthetic.com\/wp-content\/uploads\/2026\/02\/My-Experience-with-Forehead-Reduction-in-Turkey-2.jpg 1080w\" sizes=\"(max-width: 1024px) 100vw, 1024px\" \/><figcaption class=\"wp-element-caption\">Primer plano cinematogr\u00e1fico del resultado perfecto y est\u00e9tico de la frente.<\/figcaption><\/figure>\n\n\n\n<hr class=\"wp-block-separator has-alpha-channel-opacity\" \/>\n\n\n\n<h2 class=\"wp-block-heading\">Cronograma de Recuperaci\u00f3n Postoperatoria<\/h2>\n\n\n\n<p>Mi Experiencia con la Reducci\u00f3n de Frente en Turqu\u00eda demostr\u00f3 de manera concluyente que la comprensi\u00f3n estricta y el respeto absoluto por las delicadas fases de curaci\u00f3n son vitales para el \u00e9xito est\u00e9tico total. Por otro lado, la velocidad de recuperaci\u00f3n individual depende fuertemente de la adherencia personal a los protocolos m\u00e9dicos asignados.<\/p>\n\n\n\n<ul class=\"wp-block-list\">\n<li>Primera semana: Descanso muy estricto con una posici\u00f3n de cabeza fuertemente elevada.<\/li>\n\n\n\n<li>S\u00e9ptimo d\u00eda: Retiro cl\u00ednico extremadamente seguro y totalmente indoloro de suturas finas.<\/li>\n\n\n\n<li>Segunda semana: Reducci\u00f3n significativa y muy visible de la hinchaz\u00f3n facial residual.<\/li>\n\n\n\n<li>Primer mes: Retorno progresivo y muy constante de la sensaci\u00f3n capilar normal.<\/li>\n\n\n\n<li>Tercer mes: La cicatriz quir\u00fargica de incisi\u00f3n comienza a desvanecerse muy r\u00e1pidamente.<\/li>\n\n\n\n<li>Sexto mes: Crecimiento activo de cabello natural directamente a trav\u00e9s de la cicatriz.<\/li>\n\n\n\n<li>Primer a\u00f1o: Consecuci\u00f3n del resultado est\u00e9tico final, absolutamente impecable y definitivamente perfecto.<\/li>\n<\/ul>\n\n\n\n<p>Por lo tanto, exhibir una inmensa paciencia y mostrar un cumplimiento m\u00e9dico estricto garantiza totalmente una recuperaci\u00f3n est\u00e9tica sin fallos y pr\u00e1cticamente imperceptible.<\/p>\n\n\n\n<hr class=\"wp-block-separator has-alpha-channel-opacity\" \/>\n\n\n\n<h2 class=\"wp-block-heading\">Historias de \u00c9xito Reales<\/h2>\n\n\n\n<p>Mi Experiencia con la Reducci\u00f3n de Frente en Turqu\u00eda refleja fielmente las trayectorias m\u00e9dicas profundamente transformadoras de innumerables pacientes internacionales altamente satisfechos de la distinguida cl\u00ednica m\u00e9dica. Adem\u00e1s, estas impresionantes historias reales y aut\u00e9nticas subrayan el masivo impacto psicol\u00f3gico de una cirug\u00eda cosm\u00e9tica realizada por expertos de \u00e9lite.<\/p>\n\n\n\n<p><strong>Elena, 34 a\u00f1os:<\/strong> \u00abDurante d\u00e9cadas, ocult\u00e9 intensamente mi frente masiva y muy desproporcionada detr\u00e1s de flequillos pesados y profundamente frustrantes. Descubrir la incre\u00edble experiencia m\u00e9dica de <a target=\"_blank\" rel=\"noreferrer noopener\" href=\"https:\/\/floryaaesthetic.com\/\">Florya Aesthetic<\/a> cambi\u00f3 completa y positivamente todo en mi vida diaria. Los cuidados VIP de \u00e9lite fueron absolutamente impecables, y la cirug\u00eda avanzada result\u00f3 ser totalmente indolora de principio a fin. Hoy en d\u00eda, llevo el cabello recogido hacia atr\u00e1s con gran confianza, sinti\u00e9ndome completamente liberada, inmensamente hermosa y finalmente en paz con mis propias proporciones faciales.\u00bb<\/p>\n\n\n\n<p><strong>Carlos, 28 a\u00f1os:<\/strong> \u00abUna l\u00ednea capilar naturalmente alta y en retroceso me hac\u00eda parecer considerablemente mayor que mi edad real, destruyendo totalmente mi valiosa confianza personal. Opt\u00e9 ardientemente por un procedimiento altamente avanzado que combinaba el avance quir\u00fargico y el trasplante de fol\u00edculos. Las instalaciones hospitalarias de Estambul superaron considerablemente mis expectativas m\u00e1s salvajes. En consecuencia, los resultados impecables y totalmente indetectables restauraron magn\u00edficamente mi apariencia juvenil y transformaron milagrosamente toda mi vida social para siempre.\u00bb<\/p>\n\n\n\n<hr class=\"wp-block-separator has-alpha-channel-opacity\" \/>\n\n\n\n<h2 class=\"wp-block-heading\">Est\u00e1ndares de Seguridad Globales<\/h2>\n\n\n\n<p>Mi Experiencia con la Reducci\u00f3n de Frente en Turqu\u00eda confirm\u00f3 inequ\u00edvocamente que la seguridad cl\u00ednica absoluta sigue siendo la m\u00e1xima prioridad operativa indiscutible para todo el dedicado equipo m\u00e9dico internacional. En consecuencia, no se toleran jam\u00e1s compromisos ni excepciones con respecto a las normativas de higiene cl\u00ednica. <strong>(Seg\u00fan <a target=\"_blank\" rel=\"noreferrer noopener\" href=\"https:\/\/www.who.int\/\">WHO<\/a>, la adhesi\u00f3n inquebrantable a los protocolos internacionales de esterilizaci\u00f3n establecidos minimiza dr\u00e1sticamente el riesgo catastr\u00f3fico de infecciones del sitio quir\u00fargico postoperatorio).<\/strong><\/p>\n\n\n\n<ul class=\"wp-block-list\">\n<li>Ejecutar cirug\u00edas altamente complejas en instalaciones hospitalarias de \u00e9lite acreditadas internacionalmente.<\/li>\n\n\n\n<li>Utilizar quir\u00f3fanos quir\u00fargicos est\u00e9riles avanzados equipados con filtros HEPA rigurosos.<\/li>\n\n\n\n<li>Emplear exclusivamente cirujanos pl\u00e1sticos expertos, muy experimentados e internacionalmente certificados.<\/li>\n\n\n\n<li>Realizar evaluaciones card\u00edacas y an\u00e1lisis de sangre exhaustivos, rigurosos y obligatorios preoperatorios.<\/li>\n\n\n\n<li>Mantener un monitoreo continuo y muy avanzado de signos vitales durante la anestesia.<\/li>\n\n\n\n<li>Implementar pol\u00edticas estrictas de equipos m\u00e9dicos desechables est\u00e9riles de un solo uso.<\/li>\n\n\n\n<li>Aplicar rigurosamente protocolos cl\u00ednicos reconocidos mundialmente para el control de infecciones diarias.<\/li>\n<\/ul>\n\n\n\n<p>Como resultado, los pacientes internacionales disfrutan constantemente de una profunda tranquilidad psicol\u00f3gica sabiendo \u00edntimamente que su valiosa salud est\u00e1 intensa y perfectamente protegida.<\/p>\n\n\n\n<hr class=\"wp-block-separator has-alpha-channel-opacity\" \/>\n\n\n\n<h2 class=\"wp-block-heading\">Consejos de Expertos \ud83d\udca1<\/h2>\n\n\n\n<p>Mi Experiencia con la Reducci\u00f3n de Frente en Turqu\u00eda me ense\u00f1\u00f3 secretos de expertos incre\u00edblemente valiosos, as\u00ed que presten mucha atenci\u00f3n si desean obtener absolutamente ese resultado de nivel Hollywood totalmente perfecto. Sinceramente, lograr la est\u00e9tica absoluta y perfecta no se trata solo de elegir a un cirujano genial y dotado en <a target=\"_blank\" rel=\"noreferrer noopener\" href=\"https:\/\/floryaaesthetic.com\/\">Florya Aesthetic<\/a>; depende enormemente de c\u00f3mo manejen rigurosamente su propia recuperaci\u00f3n en casa. En primer lugar, deben dormir estrictamente como una momia con la cabeza muy elevada sobre dos almohadas gruesas y firmes durante las primeras cinco noches seguidas para bajar esa inc\u00f3moda hinchaz\u00f3n facial incre\u00edblemente r\u00e1pido. Adem\u00e1s, tienen que evitar ferozmente cualquier exposici\u00f3n directa a la fuerte luz solar sobre su incisi\u00f3n fresca durante varios meses enteros, porque los potentes rayos UV oscurecer\u00e1n r\u00e1pidamente esa delicada l\u00ednea rosada convirti\u00e9ndola en una cicatriz visible y permanente. Finalmente, no se asusten en absoluto ni se estresen si sienten la frente completamente entumecida y extra\u00f1a al principio; esos diminutos nervios microsc\u00f3picos siempre terminan despertando y reconect\u00e1ndose, as\u00ed que simplemente conf\u00eden ciegamente en el tedioso proceso de curaci\u00f3n natural.<\/p>\n\n\n\n<hr class=\"wp-block-separator has-alpha-channel-opacity\" \/>\n\n\n\n<h2 class=\"wp-block-heading\">Cirug\u00eda Frontal vs Trasplante Capilar<\/h2>\n\n\n\n<p>Mi Experiencia con la Reducci\u00f3n de Frente en Turqu\u00eda me oblig\u00f3 a comparar cuidadosamente, de manera anal\u00edtica y exhaustiva, el avance quir\u00fargico directo frente a los trasplantes de fol\u00edculos capilares estandarizados. Por lo tanto, comprender a fondo la compleja distinci\u00f3n m\u00e9dica entre estos dos procedimientos mayores sigue siendo absolutamente vital para el \u00e9xito est\u00e9tico del paciente.<\/p>\n\n\n\n<p>El avance quir\u00fargico retira f\u00edsica e instant\u00e1neamente el tejido cut\u00e1neo excedente de la frente, adelantando inmediata y dr\u00e1sticamente la l\u00ednea completa del cabello hasta 3 cent\u00edmetros en un solo d\u00eda de intervenci\u00f3n quir\u00fargica muy eficiente. Este enfoque espec\u00edfico es absolutamente ideal y perfecto para mujeres dotadas de cabello muy denso pero agobiadas por un hueso frontal prominente y naturalmente alto. Por otro lado, los trasplantes capilares estandarizados requieren estrictamente la extracci\u00f3n minuciosa de fol\u00edculos pilosos individuales y la espera de un agotador per\u00edodo de doce meses enteros para un crecimiento capilar completo y visible. Los trasplantes siguen siendo matem\u00e1ticamente superiores para hombres que experimentan activamente una calvicie agresiva y progresiva. Sin embargo, la combinaci\u00f3n inteligente de ambos enfoques quir\u00fargicos simult\u00e1neamente proporciona la densidad capilar absoluta definitiva y la l\u00ednea capilar m\u00e1s baja y natural matem\u00e1ticamente posible. <strong>(Seg\u00fan <a target=\"_blank\" rel=\"noreferrer noopener\" href=\"https:\/\/my.clevelandclinic.org\/\">Cleveland Clinic<\/a>, la combinaci\u00f3n impecable de modalidades cosm\u00e9ticas altamente complementarias produce a menudo resultados est\u00e9ticos multidimensionales muy superiores en comparaci\u00f3n con el simple recurso a tratamientos aislados).<\/strong><\/p>\n\n\n\n<figure class=\"wp-block-image size-large\"><img decoding=\"async\" width=\"1024\" height=\"635\" src=\"https:\/\/floryaaesthetic.com\/wp-content\/uploads\/2026\/02\/My-Experience-with-Forehead-Reduction-in-Turkey-3-1024x635.jpg\" alt=\"M\u00e9dico sonriente con el puente del B\u00f3sforo de Estambul de fondo.\" class=\"wp-image-40512\" srcset=\"https:\/\/floryaaesthetic.com\/wp-content\/uploads\/2026\/02\/My-Experience-with-Forehead-Reduction-in-Turkey-3-1024x635.jpg 1024w, https:\/\/floryaaesthetic.com\/wp-content\/uploads\/2026\/02\/My-Experience-with-Forehead-Reduction-in-Turkey-3-300x186.jpg 300w, https:\/\/floryaaesthetic.com\/wp-content\/uploads\/2026\/02\/My-Experience-with-Forehead-Reduction-in-Turkey-3-768x476.jpg 768w, https:\/\/floryaaesthetic.com\/wp-content\/uploads\/2026\/02\/My-Experience-with-Forehead-Reduction-in-Turkey-3.jpg 1080w\" sizes=\"(max-width: 1024px) 100vw, 1024px\" \/><figcaption class=\"wp-element-caption\">M\u00e9dico sonriente con el puente del B\u00f3sforo de Estambul de fondo.<\/figcaption><\/figure>\n\n\n\n<hr class=\"wp-block-separator has-alpha-channel-opacity\" \/>\n\n\n\n<h2 class=\"wp-block-heading\">Pasos de Reserva y Log\u00edstica M\u00e9dica<\/h2>\n\n\n\n<p>Mi Experiencia con la Reducci\u00f3n de Frente en Turqu\u00eda se hizo asombrosamente sencilla y muy relajante gracias a los coordinadores de viajes m\u00e9dicos altamente dedicados y profesionales en el sitio. Adem\u00e1s, una organizaci\u00f3n log\u00edstica meticulosa e impecable elimina completamente cualquier ansiedad potencial relacionada con el viaje internacional para los pacientes extranjeros.<\/p>\n\n\n\n<ul class=\"wp-block-list\">\n<li>Iniciar una consulta fotogr\u00e1fica en l\u00ednea detallada y totalmente gratuita v\u00eda WhatsApp.<\/li>\n\n\n\n<li>Recibir instant\u00e1neamente un presupuesto quir\u00fargico transparente, con todo incluido y perfectamente preciso.<\/li>\n\n\n\n<li>Seleccionar fechas altamente convenientes y personalizadas para la intervenci\u00f3n quir\u00fargica mayor planificada.<\/li>\n\n\n\n<li>Reservar billetes de avi\u00f3n est\u00e1ndar directamente hacia los grandes aeropuertos internacionales de Estambul.<\/li>\n\n\n\n<li>Disfrutar de una recepci\u00f3n VIP lujosa y extremadamente r\u00e1pida en el aeropuerto al llegar.<\/li>\n\n\n\n<li>Someterse a rigurosos y completos protocolos de pruebas m\u00e9dicas hospitalarias prequir\u00fargicas obligatorias.<\/li>\n\n\n\n<li>Relajarse c\u00f3modamente dentro de habitaciones de hotel premium muy lujosas antes de operar.<\/li>\n<\/ul>\n\n\n\n<p>En consecuencia, este proceso extremadamente optimizado y notablemente eficiente permite a los pacientes nerviosos concentrarse enteramente en su incre\u00edble transformaci\u00f3n personal inminente sin distracciones.<\/p>\n\n\n\n<hr class=\"wp-block-separator has-alpha-channel-opacity\" \/>\n\n\n\n<h2 class=\"wp-block-heading\">Conclusi\u00f3n<\/h2>\n\n\n\n<p>En conclusi\u00f3n, embarcarme en Mi Experiencia con la Reducci\u00f3n de Frente en Turqu\u00eda demostr\u00f3 ser la inversi\u00f3n financiera y emocional m\u00e1s profundamente gratificante de toda mi vida en la construcci\u00f3n de mi propia confianza personal. El procedimiento de vanguardia (Forehead Reduction in Turkey) proporcion\u00f3 de manera totalmente impecable resultados asombrosos y estrictamente permanentes mientras manten\u00eda con absoluto rigor los m\u00e1ximos est\u00e1ndares de seguridad cl\u00ednica posibles. Adem\u00e1s, depositar mi confianza ciega en la reconocida experiencia global de <a target=\"_blank\" rel=\"noreferrer noopener\" href=\"https:\/\/floryaaesthetic.com\/\">Florya Aesthetic<\/a> garantiz\u00f3 estrictamente unas vacaciones m\u00e9dicas internacionales altamente lujosas, seguras y completamente libres de cualquier estr\u00e9s t\u00f3xico. Finalmente, Mi Experiencia con la Reducci\u00f3n de Frente en Turqu\u00eda borr\u00f3 de forma hermosa, permanente y definitiva mis inseguridades f\u00edsicas m\u00e1s profundas y oscuras para siempre. \u00bfEst\u00e1s finalmente listo para convertirte en el pr\u00f3ximo candidato ideal, salir valientemente de las sombras de la incomodidad y reclamar agresivamente hoy mismo la armon\u00eda facial totalmente impecable que tanto mereces y anhelas fervientemente?<\/p>\n\n\n\n<hr class=\"wp-block-separator has-alpha-channel-opacity\" \/>\n\n\n\n<h2 class=\"wp-block-heading\">Preguntas Frecuentes<\/h2>\n\n\n\n<p>Mi Experiencia con la Reducci\u00f3n de Frente en Turqu\u00eda plantea de manera muy natural varias preguntas cl\u00ednicas altamente cr\u00edticas y profundamente importantes para los pacientes internacionales curiosos. Por lo tanto, he recopilado meticulosamente estas respuestas m\u00e9dicas extremadamente precisas para abordar directamente las preocupaciones m\u00e1s urgentes y comunes de todos. Mi Experiencia con la Reducci\u00f3n de Frente en Turqu\u00eda contiene absolutamente toda la verdad que necesitas saber hoy.<\/p>\n\n\n\n<h3 class=\"wp-block-heading\">\u00bfEs dolorosa la cirug\u00eda de reducci\u00f3n frontal?<\/h3>\n\n\n\n<p>Mi Experiencia con la Reducci\u00f3n de Frente en Turqu\u00eda confirma de manera formal y definitiva que el procedimiento quir\u00fargico especializado es completa y enteramente indoloro, ya que es realizado por expertos de \u00e9lite bajo una anestesia general total y rigurosamente monitoreada. Posteriormente, los pacientes internacionales en fase de recuperaci\u00f3n solo experimentan una ligera tensi\u00f3n cut\u00e1nea altamente manejable y un muy leve malestar superficial, los cuales son controlados de forma r\u00e1pida y sencilla mediante potentes analg\u00e9sicos orales prescritos m\u00e9dicamente durante los primeros d\u00edas cruciales.<\/p>\n\n\n\n<h3 class=\"wp-block-heading\">\u00bfCu\u00e1ntos cent\u00edmetros se puede reducir la frente?<\/h3>\n\n\n\n<p>Generalmente, un cirujano pl\u00e1stico altamente calificado y experimentado puede avanzar la l\u00ednea del cabello de forma segura y muy efectiva una distancia exacta comprendida entre 1.5 y precisamente 3 cent\u00edmetros durante la misma cirug\u00eda mayor. Sin embargo, esta distancia precisa y calculada matem\u00e1ticamente depende de manera muy fuerte de la flexibilidad \u00fanica de la piel del cuero cabelludo del paciente individual examinado y de su compleja estructura \u00f3sea facial subyacente, lo cual se determina rigurosamente en la consulta inicial.<\/p>\n\n\n\n<h3 class=\"wp-block-heading\">\u00bfCu\u00e1ndo ver\u00e9 los resultados definitivos del procedimiento est\u00e9tico?<\/h3>\n\n\n\n<p>Usted notar\u00e1 absoluta e indudablemente una reducci\u00f3n dr\u00e1stica, inmediata y masiva del tama\u00f1o global de su frente prominente en el mismo segundo exacto en que los vendajes quir\u00fargicos est\u00e9riles sean retirados muy delicadamente por la enfermera cl\u00ednica. Sin embargo, el resultado est\u00e9tico absolutamente final, enteramente impecable y totalmente natural se vuelve extraordinariamente evidente y claro una vez que toda la hinchaz\u00f3n microsc\u00f3pica de los tejidos profundos ha desaparecido por completo y la fina cicatriz ha madurado, generalmente en 3 a 6 meses.<\/p>\n","protected":false},"excerpt":{"rendered":"<p>Mi Experiencia con la Reducci\u00f3n de Frente en Turqu\u00eda (Forehead Reduction in Turkey) transform\u00f3 completamente mi vida, brind\u00e1ndome una confianza absoluta gracias a la excelencia de Florya Aesthetic. Adem\u00e1s, este avanzado procedimiento cosm\u00e9tico restaur\u00f3 mi armon\u00eda facial de manera definitiva y profundamente impactante. Finalmente, Mi Experiencia con la Reducci\u00f3n de Frente en Turqu\u00eda super\u00f3 con [&hellip;]<\/p>\n","protected":false},"author":7,"featured_media":40513,"comment_status":"open","ping_status":"open","sticky":false,"template":"","format":"standard","meta":{"ocean_post_layout":"","ocean_both_sidebars_style":"","ocean_both_sidebars_content_width":0,"ocean_both_sidebars_sidebars_width":0,"ocean_sidebar":"","ocean_second_sidebar":"","ocean_disable_margins":"enable","ocean_add_body_class":"","ocean_shortcode_before_top_bar":"","ocean_shortcode_after_top_bar":"","ocean_shortcode_before_header":"","ocean_shortcode_after_header":"","ocean_has_shortcode":"","ocean_shortcode_after_title":"","ocean_shortcode_before_footer_widgets":"","ocean_shortcode_after_footer_widgets":"","ocean_shortcode_before_footer_bottom":"","ocean_shortcode_after_footer_bottom":"","ocean_display_top_bar":"default","ocean_display_header":"default","ocean_header_style":"","ocean_center_header_left_menu":"","ocean_custom_header_template":"","ocean_custom_logo":0,"ocean_custom_retina_logo":0,"ocean_custom_logo_max_width":0,"ocean_custom_logo_tablet_max_width":0,"ocean_custom_logo_mobile_max_width":0,"ocean_custom_logo_max_height":0,"ocean_custom_logo_tablet_max_height":0,"ocean_custom_logo_mobile_max_height":0,"ocean_header_custom_menu":"","ocean_menu_typo_font_family":"","ocean_menu_typo_font_subset":"","ocean_menu_typo_font_size":0,"ocean_menu_typo_font_size_tablet":0,"ocean_menu_typo_font_size_mobile":0,"ocean_menu_typo_font_size_unit":"px","ocean_menu_typo_font_weight":"","ocean_menu_typo_font_weight_tablet":"","ocean_menu_typo_font_weight_mobile":"","ocean_menu_typo_transform":"","ocean_menu_typo_transform_tablet":"","ocean_menu_typo_transform_mobile":"","ocean_menu_typo_line_height":0,"ocean_menu_typo_line_height_tablet":0,"ocean_menu_typo_line_height_mobile":0,"ocean_menu_typo_line_height_unit":"","ocean_menu_typo_spacing":0,"ocean_menu_typo_spacing_tablet":0,"ocean_menu_typo_spacing_mobile":0,"ocean_menu_typo_spacing_unit":"","ocean_menu_link_color":"","ocean_menu_link_color_hover":"","ocean_menu_link_color_active":"","ocean_menu_link_background":"","ocean_menu_link_hover_background":"","ocean_menu_link_active_background":"","ocean_menu_social_links_bg":"","ocean_menu_social_hover_links_bg":"","ocean_menu_social_links_color":"","ocean_menu_social_hover_links_color":"","ocean_disable_title":"default","ocean_disable_heading":"default","ocean_post_title":"","ocean_post_subheading":"","ocean_post_title_style":"","ocean_post_title_background_color":"","ocean_post_title_background":0,"ocean_post_title_bg_image_position":"","ocean_post_title_bg_image_attachment":"","ocean_post_title_bg_image_repeat":"","ocean_post_title_bg_image_size":"","ocean_post_title_height":0,"ocean_post_title_bg_overlay":0.5,"ocean_post_title_bg_overlay_color":"","ocean_disable_breadcrumbs":"default","ocean_breadcrumbs_color":"","ocean_breadcrumbs_separator_color":"","ocean_breadcrumbs_links_color":"","ocean_breadcrumbs_links_hover_color":"","ocean_display_footer_widgets":"default","ocean_display_footer_bottom":"default","ocean_custom_footer_template":"","ofc_meta_disable_footer_callout":"","ofc_meta_callout_button_url":"","ofc_meta_callout_button_txt":"","ofc_meta_callout_text":"","ofc_enable_fullscreen":"disable","ofc_fullscreen_speed":0,"ofc_fullscreen_nav":"enable","ofc_fullscreen_nav_pos":"right","ofc_fullscreen_nav_color":"","ofc_fullscreen_nav_tooltip_color":"","ofc_fullscreen_responsive":0,"osh_disable_topbar_sticky":"default","osh_disable_header_sticky":"default","osh_sticky_header_style":"default","osh_sticky_header_effect":"","osh_custom_sticky_logo":0,"osh_custom_retina_sticky_logo":0,"osh_custom_sticky_logo_height":0,"osh_background_color":"","osh_links_color":"","osh_links_hover_color":"","osh_links_active_color":"","osh_links_bg_color":"","osh_links_hover_bg_color":"","osh_links_active_bg_color":"","osh_menu_social_links_color":"","osh_menu_social_hover_links_color":"","_joinchat":[],"ocean_post_oembed":"","ocean_post_self_hosted_media":"","ocean_post_video_embed":"","ocean_link_format":"","ocean_link_format_target":"self","ocean_quote_format":"","ocean_quote_format_link":"post","ocean_gallery_link_images":"on","ocean_gallery_id":[],"footnotes":""},"categories":[1621],"tags":[2828,2834,1519,1937,2290,4748,1609,29236,29238,29240,4435,4983,27468,28546,6483,3260,28210,29239,26891,3339,25779,1518,29237,1516,3597],"class_list":["post-40514","post","type-post","status-publish","format-standard","has-post-thumbnail","hentry","category-blog","tag-antes-y-despues","tag-belleza","tag-cirugia-capilar","tag-cirugia-estetica","tag-cirugia-facial","tag-cirugia-plastica","tag-clinica-estetica","tag-contorno-frontal","tag-descenso-de-linea-capilar","tag-equilibrio-facial","tag-estambul","tag-estetica-femenina","tag-florya","tag-lifting-frontal","tag-medicos-expertos","tag-mejores-cirujanos","tag-mi-experiencia","tag-precio-de-cirugia","tag-proceso-de-curacion","tag-recuperacion","tag-reduccion-de-frente","tag-resultados-naturales","tag-testimonio-de-paciente","tag-turismo-medico","tag-turquia","entry","has-media"],"_links":{"self":[{"href":"https:\/\/floryaaesthetic.com\/es\/wp-json\/wp\/v2\/posts\/40514","targetHints":{"allow":["GET"]}}],"collection":[{"href":"https:\/\/floryaaesthetic.com\/es\/wp-json\/wp\/v2\/posts"}],"about":[{"href":"https:\/\/floryaaesthetic.com\/es\/wp-json\/wp\/v2\/types\/post"}],"author":[{"embeddable":true,"href":"https:\/\/floryaaesthetic.com\/es\/wp-json\/wp\/v2\/users\/7"}],"replies":[{"embeddable":true,"href":"https:\/\/floryaaesthetic.com\/es\/wp-json\/wp\/v2\/comments?post=40514"}],"version-history":[{"count":0,"href":"https:\/\/floryaaesthetic.com\/es\/wp-json\/wp\/v2\/posts\/40514\/revisions"}],"wp:featuredmedia":[{"embeddable":true,"href":"https:\/\/floryaaesthetic.com\/es\/wp-json\/wp\/v2\/media\/40513"}],"wp:attachment":[{"href":"https:\/\/floryaaesthetic.com\/es\/wp-json\/wp\/v2\/media?parent=40514"}],"wp:term":[{"taxonomy":"category","embeddable":true,"href":"https:\/\/floryaaesthetic.com\/es\/wp-json\/wp\/v2\/categories?post=40514"},{"taxonomy":"post_tag","embeddable":true,"href":"https:\/\/floryaaesthetic.com\/es\/wp-json\/wp\/v2\/tags?post=40514"}],"curies":[{"name":"wp","href":"https:\/\/api.w.org\/{rel}","templated":true}]}}