{"id":19769,"date":"2025-12-20T13:46:11","date_gmt":"2025-12-20T10:46:11","guid":{"rendered":"https:\/\/floryaaesthetic.com\/?p=19769"},"modified":"2025-12-20T14:23:15","modified_gmt":"2025-12-20T11:23:15","slug":"eliminacion-de-papada-en-turquia","status":"publish","type":"post","link":"https:\/\/floryaaesthetic.com\/es\/19769\/eliminacion-de-papada-en-turquia\/","title":{"rendered":"Eliminaci\u00f3n de papada en Turqu\u00eda | 5 Pasos"},"content":{"rendered":"\n<p class=\"wp-block-paragraph\">La <strong>eliminaci\u00f3n de papada en Turqu\u00eda<\/strong> se ha consolidado como la soluci\u00f3n preferida para pacientes internacionales que buscan redefinir su perfil facial y eliminar la grasa submentoniana rebelde. A trav\u00e9s de <strong><a target=\"_blank\" rel=\"noreferrer noopener\" href=\"https:\/\/floryaaesthetic.com\/\">Florya Aesthetic<\/a><\/strong>, los pacientes acceden a tecnolog\u00edas de vanguardia como la Liposucci\u00f3n Vaser y el Lifting Cervical, logrando resultados naturales y duraderos a una fracci\u00f3n del costo europeo, posicionando a la <strong>eliminaci\u00f3n de papada en Turqu\u00eda<\/strong> como l\u00edder indiscutible en turismo m\u00e9dico est\u00e9tico.<\/p>\n\n\n\n<hr class=\"wp-block-separator has-alpha-channel-opacity\" \/>\n\n\n\n<h2 class=\"wp-block-heading\">\u00bfQu\u00e9 es la eliminaci\u00f3n de papada en Turqu\u00eda?<\/h2>\n\n\n\n<p class=\"wp-block-paragraph\">La <strong>eliminaci\u00f3n de papada en Turqu\u00eda<\/strong> es un procedimiento est\u00e9tico dise\u00f1ado para suprimir permanentemente los dep\u00f3sitos de grasa acumulados bajo el ment\u00f3n y tensar la piel del cuello. Esta intervenci\u00f3n utiliza t\u00e9cnicas m\u00ednimamente invasivas o quir\u00fargicas para esculpir un \u00e1ngulo mandibular n\u00edtido y rejuvenecer la apariencia general del rostro. (Seg\u00fan la <strong><a target=\"_blank\" rel=\"noreferrer noopener\" href=\"https:\/\/www.isaps.org\/\">ISAPS<\/a><\/strong>, la demanda de cirug\u00edas de contorno facial ha aumentado globalmente debido a la b\u00fasqueda de perfiles m\u00e1s definidos en la era de las redes sociales).<\/p>\n\n\n\n<hr class=\"wp-block-separator has-alpha-channel-opacity\" \/>\n\n\n\n<h2 class=\"wp-block-heading\">Candidatos ideales para el procedimiento<\/h2>\n\n\n\n<p class=\"wp-block-paragraph\">La <strong>eliminaci\u00f3n de papada en Turqu\u00eda<\/strong> est\u00e1 indicada para un perfil espec\u00edfico de pacientes que desean optimizar su est\u00e9tica facial:<\/p>\n\n\n\n<ul class=\"wp-block-list\">\n<li>Personas con ac\u00famulos de grasa gen\u00e9tica bajo la barbilla.<\/li>\n\n\n\n<li>Individuos con un peso corporal estable y sin obesidad m\u00f3rbida.<\/li>\n\n\n\n<li>Pacientes con buena elasticidad en la piel para asegurar la retracci\u00f3n.<\/li>\n\n\n\n<li>No fumadores o personas dispuestas a dejar el tabaco temporalmente.<\/li>\n\n\n\n<li>Aquellos que buscan definir su \u00abJawline\u00bb o l\u00ednea mandibular.<\/li>\n\n\n\n<li>Personas sanas sin condiciones m\u00e9dicas que impidan la cirug\u00eda.<\/li>\n<\/ul>\n\n\n\n<p class=\"wp-block-paragraph\">Por consiguiente, una evaluaci\u00f3n m\u00e9dica previa es esencial para determinar si la <strong>eliminaci\u00f3n de papada en Turqu\u00eda<\/strong> es la opci\u00f3n correcta para su anatom\u00eda.<\/p>\n\n\n\n<figure class=\"wp-block-image size-large\"><img fetchpriority=\"high\" decoding=\"async\" width=\"1024\" height=\"635\" src=\"https:\/\/floryaaesthetic.com\/wp-content\/uploads\/2025\/12\/Double-Chin-Removal-in-Turkey-1-1024x635.jpg\" alt=\"Escaneo digital 3D enfocado en la anatom\u00eda del cuello y la mand\u00edbula\" class=\"wp-image-19765\" srcset=\"https:\/\/floryaaesthetic.com\/wp-content\/uploads\/2025\/12\/Double-Chin-Removal-in-Turkey-1-1024x635.jpg 1024w, https:\/\/floryaaesthetic.com\/wp-content\/uploads\/2025\/12\/Double-Chin-Removal-in-Turkey-1-300x186.jpg 300w, https:\/\/floryaaesthetic.com\/wp-content\/uploads\/2025\/12\/Double-Chin-Removal-in-Turkey-1-768x476.jpg 768w, https:\/\/floryaaesthetic.com\/wp-content\/uploads\/2025\/12\/Double-Chin-Removal-in-Turkey-1.jpg 1080w\" sizes=\"(max-width: 1024px) 100vw, 1024px\" \/><figcaption class=\"wp-element-caption\">Escaneo digital 3D enfocado en la anatom\u00eda del cuello y la mand\u00edbula<\/figcaption><\/figure>\n\n\n\n<hr class=\"wp-block-separator has-alpha-channel-opacity\" \/>\n\n\n\n<h2 class=\"wp-block-heading\">\u00bfPor qu\u00e9 elegir Florya Aesthetic para el perfilado facial?<\/h2>\n\n\n\n<p class=\"wp-block-paragraph\">Realizarse la <strong>eliminaci\u00f3n de papada en Turqu\u00eda<\/strong> con Florya Aesthetic garantiza una experiencia que combina excelencia m\u00e9dica y hospitalidad de lujo:<\/p>\n\n\n\n<ul class=\"wp-block-list\">\n<li>Cirujanos pl\u00e1sticos certificados por juntas europeas y turcas.<\/li>\n\n\n\n<li>Uso exclusivo de tecnolog\u00eda Vaser High-Def para un esculpido preciso.<\/li>\n\n\n\n<li>Operaciones realizadas en hospitales acreditados por la JCI (Est\u00e1ndar de Oro).<\/li>\n\n\n\n<li>Paquetes todo incluido con traslados VIP y alojamiento de lujo.<\/li>\n\n\n\n<li>Personal m\u00e9dico multiling\u00fce (incluyendo espa\u00f1ol) disponible 24\/7.<\/li>\n\n\n\n<li>Transparencia total en precios sin sorpresas financieras.<\/li>\n<\/ul>\n\n\n\n<p class=\"wp-block-paragraph\">Adem\u00e1s, la cl\u00ednica asegura que su experiencia de <strong>eliminaci\u00f3n de papada en Turqu\u00eda<\/strong> sea privada, segura y altamente satisfactoria.<\/p>\n\n\n\n<hr class=\"wp-block-separator has-alpha-channel-opacity\" \/>\n\n\n\n<h2 class=\"wp-block-heading\">An\u00e1lisis de T\u00e9cnicas y Precios<\/h2>\n\n\n\n<p class=\"wp-block-paragraph\">El costo de la <strong>eliminaci\u00f3n de papada en Turqu\u00eda<\/strong> es significativamente m\u00e1s bajo que en Espa\u00f1a o Estados Unidos, manteniendo los m\u00e1s altos est\u00e1ndares de calidad. La siguiente tabla ilustra el ahorro potencial:<\/p>\n\n\n\n<figure class=\"wp-block-table\"><table class=\"has-fixed-layout\"><thead><tr><td><strong>Tipo de Procedimiento<\/strong><\/td><td><strong>Turqu\u00eda (Florya Aesthetic)<\/strong><\/td><td><strong>Espa\u00f1a \/ Europa<\/strong><\/td><td><strong>EE.UU.<\/strong><\/td><td><strong>Nivel de Dolor<\/strong><\/td><\/tr><\/thead><tbody><tr><td><strong>Liposucci\u00f3n Vaser<\/strong><\/td><td><strong>1.800 \u20ac &#8211; 2.500 \u20ac<\/strong><\/td><td>4.500 \u20ac &#8211; 6.000 \u20ac<\/td><td>5.500 \u20ac+<\/td><td>Leve<\/td><\/tr><tr><td><strong>Lifting de Cuello<\/strong><\/td><td><strong>2.500 \u20ac &#8211; 3.500 \u20ac<\/strong><\/td><td>7.000 \u20ac &#8211; 9.000 \u20ac<\/td><td>12.000 \u20ac+<\/td><td>Moderado<\/td><\/tr><tr><td><strong>Lip\u00f3lisis L\u00e1ser<\/strong><\/td><td><strong>1.500 \u20ac &#8211; 2.200 \u20ac<\/strong><\/td><td>3.500 \u20ac &#8211; 5.000 \u20ac<\/td><td>4.500 \u20ac+<\/td><td>Muy Leve<\/td><\/tr><tr><td><strong>Anestesia<\/strong><\/td><td><strong>Incluida<\/strong><\/td><td>+600 \u20ac<\/td><td>+1.200 \u20ac<\/td><td>&#8211;<\/td><\/tr><tr><td><strong>Estancia Hospitalaria<\/strong><\/td><td><strong>1 Noche Incluida<\/strong><\/td><td>Cobro diario<\/td><td>Cobro diario<\/td><td>&#8211;<\/td><\/tr><tr><td><strong>Faja de Compresi\u00f3n<\/strong><\/td><td><strong>Gratis<\/strong><\/td><td>+150 \u20ac<\/td><td>+250 \u20ac<\/td><td>&#8211;<\/td><\/tr><tr><td><strong>Transporte VIP<\/strong><\/td><td><strong>Gratis<\/strong><\/td><td>No disponible<\/td><td>No disponible<\/td><td>&#8211;<\/td><\/tr><\/tbody><\/table><\/figure>\n\n\n\n<p class=\"wp-block-paragraph\">En conclusi\u00f3n, optar por la <strong>eliminaci\u00f3n de papada en Turqu\u00eda<\/strong> permite ahorrar hasta un 60-70% del presupuesto total.<\/p>\n\n\n\n<hr class=\"wp-block-separator has-alpha-channel-opacity\" \/>\n\n\n\n<h2 class=\"wp-block-heading\">Detalles del procedimiento paso a paso<\/h2>\n\n\n\n<p class=\"wp-block-paragraph\">La <strong>eliminaci\u00f3n de papada en Turqu\u00eda<\/strong> sigue un protocolo m\u00e9dico riguroso para maximizar la seguridad y los resultados est\u00e9ticos:<\/p>\n\n\n\n<ul class=\"wp-block-list\">\n<li>Aplicaci\u00f3n de anestesia local con sedaci\u00f3n o general, seg\u00fan el caso.<\/li>\n\n\n\n<li>Desinfecci\u00f3n exhaustiva del \u00e1rea del cuello y el ment\u00f3n.<\/li>\n\n\n\n<li>Realizaci\u00f3n de micro-incisiones (2-3 mm) ocultas bajo el ment\u00f3n o l\u00f3bulos.<\/li>\n\n\n\n<li>Infiltraci\u00f3n de soluci\u00f3n tumescente para adormecer y reducir el sangrado.<\/li>\n\n\n\n<li>Emulsificaci\u00f3n de la grasa mediante ultrasonido (Vaser) para proteger tejidos.<\/li>\n\n\n\n<li>Succi\u00f3n delicada de la grasa licuada para definir el borde mandibular.<\/li>\n\n\n\n<li>Cierre de las incisiones con suturas finas que resultan imperceptibles.<\/li>\n<\/ul>\n\n\n\n<p class=\"wp-block-paragraph\">Generalmente, la <strong>eliminaci\u00f3n de papada en Turqu\u00eda<\/strong> tiene una duraci\u00f3n de entre 45 y 90 minutos, permitiendo una r\u00e1pida vuelta al hotel.<\/p>\n\n\n\n<blockquote class=\"wp-block-quote is-layout-flow wp-block-quote-is-layout-flow\">\n<p class=\"wp-block-paragraph\">\u00abEl \u00e9xito en el perfilado del cuello no radica solo en quitar grasa, sino en esculpir art\u00edsticamente la transici\u00f3n entre la cara y el cuello para lograr una armon\u00eda total.\u00bb<\/p>\n\n\n\n<p class=\"wp-block-paragraph\">\u2014 Cirujano Senior en Florya Aesthetic<\/p>\n<\/blockquote>\n\n\n\n<hr class=\"wp-block-separator has-alpha-channel-opacity\" \/>\n\n\n\n<h2 class=\"wp-block-heading\">Preparaci\u00f3n esencial antes de la cirug\u00eda<\/h2>\n\n\n\n<p class=\"wp-block-paragraph\">Para garantizar el \u00e9xito de la <strong>eliminaci\u00f3n de papada en Turqu\u00eda<\/strong>, los pacientes deben seguir instrucciones preoperatorias claras:<\/p>\n\n\n\n<ul class=\"wp-block-list\">\n<li>Dejar de fumar estrictamente 2 semanas antes de la intervenci\u00f3n.<\/li>\n\n\n\n<li>Evitar aspirina, vitamina E y suplementos herbales 10 d\u00edas antes.<\/li>\n\n\n\n<li>Realizar todos los an\u00e1lisis de sangre solicitados por el equipo m\u00e9dico.<\/li>\n\n\n\n<li>Mantener ayuno de 8 horas antes de la cirug\u00eda (si es anestesia general).<\/li>\n\n\n\n<li>No consumir alcohol 48 horas antes del procedimiento.<\/li>\n\n\n\n<li>Preparar ropa c\u00f3moda con botones o cremallera frontal.<\/li>\n<\/ul>\n\n\n\n<p class=\"wp-block-paragraph\">Asimismo, una preparaci\u00f3n adecuada reduce significativamente el riesgo de hematomas tras la <strong>eliminaci\u00f3n de papada en Turqu\u00eda<\/strong>.<\/p>\n\n\n\n<hr class=\"wp-block-separator has-alpha-channel-opacity\" \/>\n\n\n\n<h2 class=\"wp-block-heading\">Ventajas y Desventajas<\/h2>\n\n\n\n<p class=\"wp-block-paragraph\">La <strong>eliminaci\u00f3n de papada en Turqu\u00eda<\/strong> ofrece beneficios transformadores, pero es crucial sopesar los pros y los contras:<\/p>\n\n\n\n<figure class=\"wp-block-table\"><table class=\"has-fixed-layout\"><thead><tr><td><strong>Ventajas (Pros)<\/strong><\/td><td><strong>Desventajas (Cons)<\/strong><\/td><\/tr><\/thead><tbody><tr><td>Eliminaci\u00f3n definitiva de la grasa localizada.<\/td><td>Hinchaz\u00f3n y moretones temporales (1-2 semanas).<\/td><\/tr><tr><td>Definici\u00f3n inmediata del perfil y rejuvenecimiento.<\/td><td>Uso obligatorio de mentonera el\u00e1stica.<\/td><\/tr><tr><td>Cicatrices pr\u00e1cticamente invisibles.<\/td><td>Sensaci\u00f3n temporal de adormecimiento.<\/td><\/tr><tr><td>Recuperaci\u00f3n r\u00e1pida en comparaci\u00f3n con liftings faciales.<\/td><td>Necesidad de viajar al extranjero.<\/td><\/tr><tr><td>Costos accesibles con paquetes todo incluido.<\/td><td>Molestias leves los primeros d\u00edas.<\/td><\/tr><tr><td>Aumento significativo de la autoestima.<\/td><td>Riesgo raro de asimetr\u00eda leve (corregible).<\/td><\/tr><\/tbody><\/table><\/figure>\n\n\n\n<p class=\"wp-block-paragraph\">Definitivamente, la alta tasa de satisfacci\u00f3n valida la elecci\u00f3n de la <strong>eliminaci\u00f3n de papada en Turqu\u00eda<\/strong>.<\/p>\n\n\n\n<hr class=\"wp-block-separator has-alpha-channel-opacity\" \/>\n\n\n\n<h2 class=\"wp-block-heading\">Servicios VIP y Paquetes de Lujo<\/h2>\n\n\n\n<p class=\"wp-block-paragraph\">En Florya Aesthetic, la <strong>eliminaci\u00f3n de papada en Turqu\u00eda<\/strong> se dise\u00f1a como una experiencia libre de estr\u00e9s y llena de confort:<\/p>\n\n\n\n<ul class=\"wp-block-list\">\n<li>Traslados VIP privados desde el aeropuerto (IST\/SAW) al hotel y cl\u00ednica.<\/li>\n\n\n\n<li>Alojamiento en hoteles de 5 estrellas ubicados estrat\u00e9gicamente.<\/li>\n\n\n\n<li>Int\u00e9rprete m\u00e9dico personal que habla espa\u00f1ol nativo.<\/li>\n\n\n\n<li>Asistente dedicado para coordinar citas y recomendaciones tur\u00edsticas.<\/li>\n\n\n\n<li>Chequeos de enfermer\u00eda postoperatorios en su habitaci\u00f3n de hotel.<\/li>\n\n\n\n<li>Kit de recuperaci\u00f3n con medicamentos, cremas y faja compresiva.<\/li>\n<\/ul>\n\n\n\n<p class=\"wp-block-paragraph\">De este modo, su viaje para la <strong>eliminaci\u00f3n de papada en Turqu\u00eda<\/strong> se convierte en unas vacaciones m\u00e9dicas placenteras.<\/p>\n\n\n\n<figure class=\"wp-block-image size-large\"><img decoding=\"async\" width=\"1024\" height=\"635\" src=\"https:\/\/floryaaesthetic.com\/wp-content\/uploads\/2025\/12\/Double-Chin-Removal-in-Turkey-2-1024x635.jpg\" alt=\"Primer plano cinematogr\u00e1fico del resultado perfecto de la liposucci\u00f3n de papada\" class=\"wp-image-19766\" srcset=\"https:\/\/floryaaesthetic.com\/wp-content\/uploads\/2025\/12\/Double-Chin-Removal-in-Turkey-2-1024x635.jpg 1024w, https:\/\/floryaaesthetic.com\/wp-content\/uploads\/2025\/12\/Double-Chin-Removal-in-Turkey-2-300x186.jpg 300w, https:\/\/floryaaesthetic.com\/wp-content\/uploads\/2025\/12\/Double-Chin-Removal-in-Turkey-2-768x476.jpg 768w, https:\/\/floryaaesthetic.com\/wp-content\/uploads\/2025\/12\/Double-Chin-Removal-in-Turkey-2.jpg 1080w\" sizes=\"(max-width: 1024px) 100vw, 1024px\" \/><figcaption class=\"wp-element-caption\">Primer plano cinematogr\u00e1fico del resultado perfecto de la liposucci\u00f3n de papada<\/figcaption><\/figure>\n\n\n\n<hr class=\"wp-block-separator has-alpha-channel-opacity\" \/>\n\n\n\n<h2 class=\"wp-block-heading\">Mitos comunes sobre la cirug\u00eda de papada<\/h2>\n\n\n\n<p class=\"wp-block-paragraph\">Existen conceptos err\u00f3neos sobre la <strong>eliminaci\u00f3n de papada en Turqu\u00eda<\/strong> que es importante aclarar con evidencia m\u00e9dica:<\/p>\n\n\n\n<p class=\"wp-block-paragraph\"><strong>1. Mito: \u00abLa grasa vuelve a aparecer al poco tiempo.\u00bb<\/strong><\/p>\n\n\n\n<ul class=\"wp-block-list\">\n<li><strong>Realidad:<\/strong> Durante la <strong>eliminaci\u00f3n de papada en Turqu\u00eda<\/strong>, las c\u00e9lulas grasas se extraen f\u00edsicamente. Una vez fuera, no pueden regenerarse, siempre que el paciente mantenga un peso estable. (La <strong><a href=\"https:\/\/my.clevelandclinic.org\/\" target=\"_blank\" rel=\"noreferrer noopener\">Cleveland Clinic<\/a><\/strong> confirma que los resultados de la liposucci\u00f3n son permanentes en las \u00e1reas tratadas).<\/li>\n<\/ul>\n\n\n\n<p class=\"wp-block-paragraph\"><strong>2. Mito: \u00abQuedar\u00e1 una cicatriz visible y fea en el cuello.\u00bb<\/strong><\/p>\n\n\n\n<ul class=\"wp-block-list\">\n<li><strong>Realidad:<\/strong> Los cirujanos expertos en <strong>eliminaci\u00f3n de papada en Turqu\u00eda<\/strong> realizan incisiones milim\u00e9tricas en pliegues naturales, haci\u00e9ndolas invisibles tras la curaci\u00f3n.<\/li>\n<\/ul>\n\n\n\n<p class=\"wp-block-paragraph\"><strong>3. Mito: \u00abEs una cirug\u00eda solo para personas mayores.\u00bb<\/strong><\/p>\n\n\n\n<ul class=\"wp-block-list\">\n<li><strong>Realidad:<\/strong> Muchos j\u00f3venes optan por la <strong>eliminaci\u00f3n de papada en Turqu\u00eda<\/strong> para corregir una predisposici\u00f3n gen\u00e9tica que el ejercicio no puede solucionar.<\/li>\n<\/ul>\n\n\n\n<hr class=\"wp-block-separator has-alpha-channel-opacity\" \/>\n\n\n\n<h2 class=\"wp-block-heading\">Cronograma de recuperaci\u00f3n y cuidados<\/h2>\n\n\n\n<p class=\"wp-block-paragraph\">El proceso de recuperaci\u00f3n de la <strong>eliminaci\u00f3n de papada en Turqu\u00eda<\/strong> es r\u00e1pido si se siguen las pautas postoperatorias:<\/p>\n\n\n\n<ul class=\"wp-block-list\">\n<li><strong>D\u00eda 1:<\/strong> Reposo absoluto en el hotel; uso continuo de la mentonera.<\/li>\n\n\n\n<li><strong>D\u00eda 3:<\/strong> Pico m\u00e1ximo de inflamaci\u00f3n; molestias controlables con analg\u00e9sicos.<\/li>\n\n\n\n<li><strong>D\u00eda 5:<\/strong> La mayor\u00eda de los pacientes se sienten aptos para pasear suavemente.<\/li>\n\n\n\n<li><strong>D\u00eda 7:<\/strong> Revisi\u00f3n final en la cl\u00ednica y retirada de puntos (si los hay).<\/li>\n\n\n\n<li><strong>Semana 2:<\/strong> Los moretones desaparecen; es posible volver al trabajo.<\/li>\n\n\n\n<li><strong>Mes 1:<\/strong> El 80% de la inflamaci\u00f3n cede; la piel comienza a adherirse al m\u00fasculo.<\/li>\n\n\n\n<li><strong>Mes 3:<\/strong> Resultado final y definitivo de la <strong>eliminaci\u00f3n de papada en Turqu\u00eda<\/strong>.<\/li>\n<\/ul>\n\n\n\n<p class=\"wp-block-paragraph\">Sin embargo, la constancia en el uso de la prenda de compresi\u00f3n es vital para el \u00e9xito de la <strong>eliminaci\u00f3n de papada en Turqu\u00eda<\/strong>.<\/p>\n\n\n\n<hr class=\"wp-block-separator has-alpha-channel-opacity\" \/>\n\n\n\n<h2 class=\"wp-block-heading\">Historias de pacientes reales<\/h2>\n\n\n\n<p class=\"wp-block-paragraph\">La <strong>eliminaci\u00f3n de papada en Turqu\u00eda<\/strong> cambia vidas. Aqu\u00ed compartimos dos testimonios de pacientes hispanohablantes de Florya Aesthetic:<\/p>\n\n\n\n<p class=\"wp-block-paragraph\">Marta (35 a\u00f1os, Espa\u00f1a):<\/p>\n\n\n\n<p class=\"wp-block-paragraph\">\u00abA pesar de estar delgada, mi papada hereditaria arruinaba mis fotos de perfil. Decid\u00ed hacerme la eliminaci\u00f3n de papada en Turqu\u00eda por la recomendaci\u00f3n de una amiga. El trato fue exquisito, me sent\u00ed como una reina. Han pasado 4 meses y mi cuello se ve estilizado y elegante. \u00a1Me arrepiento de no haberlo hecho antes!\u00bb<\/p>\n\n\n\n<p class=\"wp-block-paragraph\">Javier (48 a\u00f1os, M\u00e9xico):<\/p>\n\n\n\n<p class=\"wp-block-paragraph\">\u00abViaj\u00e9 desde Ciudad de M\u00e9xico buscando calidad y precio. La eliminaci\u00f3n de papada en Turqu\u00eda super\u00f3 mis expectativas. Ahorr\u00e9 m\u00e1s de la mitad comparado con las cl\u00ednicas de Polanco. La recuperaci\u00f3n fue r\u00e1pida y aprovech\u00e9 para conocer Estambul. 100% recomendado.\u00bb<\/p>\n\n\n\n<hr class=\"wp-block-separator has-alpha-channel-opacity\" \/>\n\n\n\n<h2 class=\"wp-block-heading\">Est\u00e1ndares de seguridad y costos ocultos<\/h2>\n\n\n\n<p class=\"wp-block-paragraph\">La seguridad en la <strong>eliminaci\u00f3n de papada en Turqu\u00eda<\/strong> es innegociable. Para garantizarla, verifique siempre lo siguiente:<\/p>\n\n\n\n<ul class=\"wp-block-list\">\n<li>Confirme que el hospital tenga acreditaci\u00f3n internacional JCI.<\/li>\n\n\n\n<li>Aseg\u00farese de que el precio incluya quir\u00f3fano, anestesia y medicaci\u00f3n.<\/li>\n\n\n\n<li>Pregunte por la experiencia del anestesi\u00f3logo.<\/li>\n\n\n\n<li>Verifique el uso de tecnolog\u00eda original (Vaser aut\u00e9ntico).<\/li>\n\n\n\n<li>Exija saber si hay cargos extras por noches adicionales (generalmente no).<\/li>\n\n\n\n<li>Desconf\u00ede de ofertas excesivamente baratas en redes sociales.<\/li>\n<\/ul>\n\n\n\n<p class=\"wp-block-paragraph\">Florya Aesthetic se enorgullece de su transparencia total en cada paso de la <strong>eliminaci\u00f3n de papada en Turqu\u00eda<\/strong>. (La <strong><a target=\"_blank\" rel=\"noreferrer noopener\" href=\"https:\/\/www.who.int\/\">WHO<\/a><\/strong> enfatiza la importancia de elegir instalaciones acreditadas para el turismo m\u00e9dico).<\/p>\n\n\n\n<hr class=\"wp-block-separator has-alpha-channel-opacity\" \/>\n\n\n\n<h2 class=\"wp-block-heading\">CONSEJOS DE EXPERTO (PRO TIPS) \ud83d\udca1<\/h2>\n\n\n\n<p class=\"wp-block-paragraph\">Para obtener un resultado de \u00abalfombra roja\u00bb con su <strong>eliminaci\u00f3n de papada en Turqu\u00eda<\/strong>, siga estos consejos internos:<\/p>\n\n\n\n<p class=\"wp-block-paragraph\">\u00abMira, te voy a ser sincero: la cirug\u00eda hace la mitad del trabajo, pero la otra mitad la hace la mentonera. Muchos pacientes se la quitan porque les agobia, \u00a1grave error! Esa faja es lo que pega la piel al m\u00fasculo para que no quede flacidez. Otro secreto: empieza con masajes de drenaje linf\u00e1tico a las dos semanas, eso baja la hinchaz\u00f3n volando. Y por \u00faltimo, duerme con dos almohadas para tener la cabeza alta; la gravedad ayuda much\u00edsimo a drenar los l\u00edquidos despu\u00e9s de la <strong>eliminaci\u00f3n de papada en Turqu\u00eda<\/strong>.\u00bb<\/p>\n\n\n\n<hr class=\"wp-block-separator has-alpha-channel-opacity\" \/>\n\n\n\n<h2 class=\"wp-block-heading\">Comparativa: Liposucci\u00f3n vs Lifting de Cuello<\/h2>\n\n\n\n<p class=\"wp-block-paragraph\">Es fundamental elegir la t\u00e9cnica correcta para la <strong>eliminaci\u00f3n de papada en Turqu\u00eda<\/strong> seg\u00fan la calidad de su piel:<\/p>\n\n\n\n<figure class=\"wp-block-table\"><table class=\"has-fixed-layout\"><thead><tr><td><strong>Caracter\u00edstica<\/strong><\/td><td><strong>Liposucci\u00f3n de Papada (Vaser)<\/strong><\/td><td><strong>Lifting de Cuello (Cervicoplastia)<\/strong><\/td><\/tr><\/thead><tbody><tr><td><strong>Problema Principal<\/strong><\/td><td>Exceso de grasa, piel el\u00e1stica.<\/td><td>Piel fl\u00e1cida (\u00abcuello de pavo\u00bb), bandas musculares.<\/td><\/tr><tr><td><strong>Tipo de Incisi\u00f3n<\/strong><\/td><td>Micropunci\u00f3n (2 mm).<\/td><td>Incisi\u00f3n alrededor de las orejas.<\/td><\/tr><tr><td><strong>Tiempo Quir\u00fargico<\/strong><\/td><td>45 &#8211; 60 Minutos.<\/td><td>2 &#8211; 3 Horas.<\/td><\/tr><tr><td><strong>Recuperaci\u00f3n<\/strong><\/td><td>3 &#8211; 5 D\u00edas.<\/td><td>10 &#8211; 14 D\u00edas.<\/td><\/tr><tr><td><strong>Cicatrices<\/strong><\/td><td>Invisibles.<\/td><td>Ocultas pero presentes.<\/td><\/tr><tr><td><strong>Edad Ideal<\/strong><\/td><td>Pacientes j\u00f3venes (20-40 a\u00f1os).<\/td><td>Pacientes maduros (45+ a\u00f1os).<\/td><\/tr><\/tbody><\/table><\/figure>\n\n\n\n<p class=\"wp-block-paragraph\">Su cirujano determinar\u00e1 el enfoque ideal para su <strong>eliminaci\u00f3n de papada en Turqu\u00eda<\/strong> durante la consulta virtual o presencial.<\/p>\n\n\n\n<hr class=\"wp-block-separator has-alpha-channel-opacity\" \/>\n\n\n\n<h2 class=\"wp-block-heading\">Proceso de reserva y log\u00edstica<\/h2>\n\n\n\n<p class=\"wp-block-paragraph\">Facilitamos su acceso a la <strong>eliminaci\u00f3n de papada en Turqu\u00eda<\/strong> mediante un proceso sencillo y organizado:<\/p>\n\n\n\n<ul class=\"wp-block-list\">\n<li>Env\u00ede fotos de su rostro (frente y perfil) por WhatsApp para evaluaci\u00f3n.<\/li>\n\n\n\n<li>Reciba un plan m\u00e9dico gratuito y un presupuesto detallado.<\/li>\n\n\n\n<li>Elija su fecha ideal y reserve sus vuelos a Estambul.<\/li>\n\n\n\n<li>Env\u00ede los datos del vuelo a nuestro coordinador para el traslado VIP.<\/li>\n\n\n\n<li>Llegue a Estambul, realice los an\u00e1lisis y prep\u00e1rese para el cambio.<\/li>\n\n\n\n<li>Disfrute de su recuperaci\u00f3n y regrese a casa renovado.<\/li>\n<\/ul>\n\n\n\n<p class=\"wp-block-paragraph\">Por lo tanto, nosotros nos encargamos de toda la log\u00edstica para que usted solo piense en su <strong>eliminaci\u00f3n de papada en Turqu\u00eda<\/strong>.<\/p>\n\n\n\n<figure class=\"wp-block-image size-large\"><img decoding=\"async\" width=\"1024\" height=\"635\" src=\"https:\/\/floryaaesthetic.com\/wp-content\/uploads\/2025\/12\/Double-Chin-Removal-in-Turkey-3-1024x635.jpg\" alt=\"M\u00e9dico amable invitando a pacientes a Estambul con la Torre de G\u00e1lata de fondo\" class=\"wp-image-19767\" srcset=\"https:\/\/floryaaesthetic.com\/wp-content\/uploads\/2025\/12\/Double-Chin-Removal-in-Turkey-3-1024x635.jpg 1024w, https:\/\/floryaaesthetic.com\/wp-content\/uploads\/2025\/12\/Double-Chin-Removal-in-Turkey-3-300x186.jpg 300w, https:\/\/floryaaesthetic.com\/wp-content\/uploads\/2025\/12\/Double-Chin-Removal-in-Turkey-3-768x476.jpg 768w, https:\/\/floryaaesthetic.com\/wp-content\/uploads\/2025\/12\/Double-Chin-Removal-in-Turkey-3.jpg 1080w\" sizes=\"(max-width: 1024px) 100vw, 1024px\" \/><figcaption class=\"wp-element-caption\">M\u00e9dico amable invitando a pacientes a Estambul con la Torre de G\u00e1lata de fondo<\/figcaption><\/figure>\n\n\n\n<hr class=\"wp-block-separator has-alpha-channel-opacity\" \/>\n\n\n\n<h2 class=\"wp-block-heading\">Conclusi\u00f3n<\/h2>\n\n\n\n<p class=\"wp-block-paragraph\">La <strong>eliminaci\u00f3n de papada en Turqu\u00eda<\/strong> es mucho m\u00e1s que un procedimiento est\u00e9tico; es una inversi\u00f3n en su imagen y autoconfianza. Con <strong><a target=\"_blank\" rel=\"noreferrer noopener\" href=\"https:\/\/floryaaesthetic.com\/\">Florya Aesthetic<\/a><\/strong>, usted tiene acceso a la \u00e9lite de la cirug\u00eda pl\u00e1stica, tecnolog\u00eda de punta y un servicio VIP, todo a un costo accesible. Ya sea mediante liposucci\u00f3n o lifting, garantizamos resultados que armonizan con su belleza natural.<\/p>\n\n\n\n<p class=\"wp-block-paragraph\">\u00bfEst\u00e1 listo para descubrir su mejor perfil? La <strong>eliminaci\u00f3n de papada en Turqu\u00eda<\/strong> le espera.<\/p>\n\n\n\n<hr class=\"wp-block-separator has-alpha-channel-opacity\" \/>\n\n\n\n<h2 class=\"wp-block-heading\">Preguntas Frecuentes<\/h2>\n\n\n\n<h3 class=\"wp-block-heading\">\u00bfCu\u00e1nto cuesta la eliminaci\u00f3n de papada en Turqu\u00eda?<\/h3>\n\n\n\n<p class=\"wp-block-paragraph\">El precio promedio para la <strong>eliminaci\u00f3n de papada en Turqu\u00eda<\/strong> oscila entre <strong>1.800 \u20ac y 2.500 \u20ac<\/strong> para la Liposucci\u00f3n Vaser. Los paquetes integrales suelen incluir alojamiento en hotel 5 estrellas y todos los traslados, ofreciendo un ahorro considerable frente a Espa\u00f1a.<\/p>\n\n\n\n<h3 class=\"wp-block-heading\">\u00bfEs dolorosa la operaci\u00f3n de papada?<\/h3>\n\n\n\n<p class=\"wp-block-paragraph\">No, la <strong>eliminaci\u00f3n de papada en Turqu\u00eda<\/strong> no se considera dolorosa ya que se realiza bajo anestesia. Las molestias postoperatorias son leves, similares a agujetas musculares, y se controlan perfectamente con los analg\u00e9sicos proporcionados por la cl\u00ednica.<\/p>\n\n\n\n<h3 class=\"wp-block-heading\">\u00bfLos resultados son permanentes?<\/h3>\n\n\n\n<p class=\"wp-block-paragraph\">S\u00ed, los resultados de la <strong>eliminaci\u00f3n de papada en Turqu\u00eda<\/strong> son definitivos porque las c\u00e9lulas adiposas se eliminan f\u00edsicamente del cuerpo. Sin embargo, es importante mantener un peso estable para conservar el contorno esculpido.<\/p>\n\n\n\n<h3 class=\"wp-block-heading\">\u00bfPuedo combinar esto con otras cirug\u00edas?<\/h3>\n\n\n\n<p class=\"wp-block-paragraph\">Absolutamente. Es muy com\u00fan combinar la <strong>eliminaci\u00f3n de papada en Turqu\u00eda<\/strong> con una Rinoplastia, Bichectom\u00eda o un Lifting Facial completo para lograr una armonizaci\u00f3n facial total en un solo viaje.<\/p>\n","protected":false},"excerpt":{"rendered":"<p>La eliminaci\u00f3n de papada en Turqu\u00eda se ha consolidado como la soluci\u00f3n preferida para pacientes internacionales que buscan redefinir su perfil facial y eliminar la grasa submentoniana rebelde. A trav\u00e9s de Florya Aesthetic, los pacientes acceden a tecnolog\u00edas de vanguardia como la Liposucci\u00f3n Vaser y el Lifting Cervical, logrando resultados naturales y duraderos a una [&hellip;]<\/p>\n","protected":false},"author":3,"featured_media":19768,"comment_status":"open","ping_status":"open","sticky":false,"template":"","format":"standard","meta":{"ocean_front_end_style_editor":"no","ocean_post_layout":"","ocean_both_sidebars_style":"","ocean_both_sidebars_content_width":0,"ocean_both_sidebars_sidebars_width":0,"ocean_sidebar":"","ocean_second_sidebar":"","ocean_disable_margins":"enable","ocean_add_body_class":"","ocean_shortcode_before_top_bar":"","ocean_shortcode_after_top_bar":"","ocean_shortcode_before_header":"","ocean_shortcode_after_header":"","ocean_has_shortcode":"","ocean_shortcode_after_title":"","ocean_shortcode_before_footer_widgets":"","ocean_shortcode_after_footer_widgets":"","ocean_shortcode_before_footer_bottom":"","ocean_shortcode_after_footer_bottom":"","ocean_display_top_bar":"default","ocean_display_header":"default","ocean_header_style":"","ocean_center_header_left_menu":"","ocean_custom_header_template":"","ocean_custom_logo":0,"ocean_custom_retina_logo":0,"ocean_custom_logo_max_width":0,"ocean_custom_logo_tablet_max_width":0,"ocean_custom_logo_mobile_max_width":0,"ocean_custom_logo_max_height":0,"ocean_custom_logo_tablet_max_height":0,"ocean_custom_logo_mobile_max_height":0,"ocean_header_custom_menu":"","ocean_menu_typo_font_family":"","ocean_menu_typo_font_subset":"","ocean_menu_typo_font_size":0,"ocean_menu_typo_font_size_tablet":0,"ocean_menu_typo_font_size_mobile":0,"ocean_menu_typo_font_size_unit":"px","ocean_menu_typo_font_weight":"","ocean_menu_typo_font_weight_tablet":"","ocean_menu_typo_font_weight_mobile":"","ocean_menu_typo_transform":"","ocean_menu_typo_transform_tablet":"","ocean_menu_typo_transform_mobile":"","ocean_menu_typo_line_height":0,"ocean_menu_typo_line_height_tablet":0,"ocean_menu_typo_line_height_mobile":0,"ocean_menu_typo_line_height_unit":"","ocean_menu_typo_spacing":0,"ocean_menu_typo_spacing_tablet":0,"ocean_menu_typo_spacing_mobile":0,"ocean_menu_typo_spacing_unit":"","ocean_menu_link_color":"","ocean_menu_link_color_hover":"","ocean_menu_link_color_active":"","ocean_menu_link_background":"","ocean_menu_link_hover_background":"","ocean_menu_link_active_background":"","ocean_menu_social_links_bg":"","ocean_menu_social_hover_links_bg":"","ocean_menu_social_links_color":"","ocean_menu_social_hover_links_color":"","ocean_disable_title":"default","ocean_disable_heading":"default","ocean_post_title":"","ocean_post_subheading":"","ocean_post_title_style":"","ocean_post_title_background_color":"","ocean_post_title_background":0,"ocean_post_title_bg_image_position":"","ocean_post_title_bg_image_attachment":"","ocean_post_title_bg_image_repeat":"","ocean_post_title_bg_image_size":"","ocean_post_title_height":0,"ocean_post_title_bg_overlay":0.5,"ocean_post_title_bg_overlay_color":"","ocean_disable_breadcrumbs":"default","ocean_breadcrumbs_color":"","ocean_breadcrumbs_separator_color":"","ocean_breadcrumbs_links_color":"","ocean_breadcrumbs_links_hover_color":"","ocean_display_footer_widgets":"default","ocean_display_footer_bottom":"default","ocean_custom_footer_template":"","ofc_meta_disable_footer_callout":"","ofc_meta_callout_button_url":"","ofc_meta_callout_button_txt":"","ofc_meta_callout_text":"","ofc_enable_fullscreen":"disable","ofc_fullscreen_speed":0,"ofc_fullscreen_nav":"enable","ofc_fullscreen_nav_pos":"right","ofc_fullscreen_nav_color":"","ofc_fullscreen_nav_tooltip_color":"","ofc_fullscreen_responsive":0,"osh_disable_topbar_sticky":"default","osh_disable_header_sticky":"default","osh_sticky_header_style":"default","osh_sticky_header_effect":"","osh_custom_sticky_logo":0,"osh_custom_retina_sticky_logo":0,"osh_custom_sticky_logo_height":0,"osh_background_color":"","osh_links_color":"","osh_links_hover_color":"","osh_links_active_color":"","osh_links_bg_color":"","osh_links_hover_bg_color":"","osh_links_active_bg_color":"","osh_menu_social_links_color":"","osh_menu_social_hover_links_color":"","_joinchat":[],"ocean_post_oembed":"","ocean_post_self_hosted_media":"","ocean_post_video_embed":"","ocean_link_format":"","ocean_link_format_target":"self","ocean_quote_format":"","ocean_quote_format_link":"post","ocean_gallery_link_images":"on","ocean_gallery_id":[],"footnotes":""},"categories":[1658],"tags":[2171,2173,2179,2189,2184,2186,2190,2192,2183,1598,2178,1769,2187,2177,2191,2182,2176,2175,2188,2185,2174,2181,2180,1451],"class_list":["post-19769","post","type-post","status-publish","format-standard","has-post-thumbnail","hentry","category-estetica-facial-y-de-cuello","tag-armonizacion-facial","tag-belleza-facial","tag-cirugia-de-menton","tag-cirugia-estetica-turquia","tag-cirujano-plastico-turquia","tag-clinicas-esteticas-estambul","tag-contorno-mandibular","tag-eliminacion-de-papada-en-turquia","tag-eliminar-grasa-cuello","tag-estetica-facial","tag-lifting-cervical","tag-lifting-de-cuello","tag-lipo-vaser-cuello","tag-lipoescultura-cuello","tag-liposuccion-de-papada","tag-marcacion-mandibular","tag-mejores-cirujanos-turquia","tag-paquetes-esteticos","tag-perfilado-facial","tag-precio-lipopapada","tag-recuperacion-lipopapada","tag-rejuvenecimiento-facial","tag-tratamiento-papada","tag-turismo-medico-turquia","entry","has-media"],"_links":{"self":[{"href":"https:\/\/floryaaesthetic.com\/es\/wp-json\/wp\/v2\/posts\/19769","targetHints":{"allow":["GET"]}}],"collection":[{"href":"https:\/\/floryaaesthetic.com\/es\/wp-json\/wp\/v2\/posts"}],"about":[{"href":"https:\/\/floryaaesthetic.com\/es\/wp-json\/wp\/v2\/types\/post"}],"author":[{"embeddable":true,"href":"https:\/\/floryaaesthetic.com\/es\/wp-json\/wp\/v2\/users\/3"}],"replies":[{"embeddable":true,"href":"https:\/\/floryaaesthetic.com\/es\/wp-json\/wp\/v2\/comments?post=19769"}],"version-history":[{"count":0,"href":"https:\/\/floryaaesthetic.com\/es\/wp-json\/wp\/v2\/posts\/19769\/revisions"}],"wp:featuredmedia":[{"embeddable":true,"href":"https:\/\/floryaaesthetic.com\/es\/wp-json\/wp\/v2\/media\/19768"}],"wp:attachment":[{"href":"https:\/\/floryaaesthetic.com\/es\/wp-json\/wp\/v2\/media?parent=19769"}],"wp:term":[{"taxonomy":"category","embeddable":true,"href":"https:\/\/floryaaesthetic.com\/es\/wp-json\/wp\/v2\/categories?post=19769"},{"taxonomy":"post_tag","embeddable":true,"href":"https:\/\/floryaaesthetic.com\/es\/wp-json\/wp\/v2\/tags?post=19769"}],"curies":[{"name":"wp","href":"https:\/\/api.w.org\/{rel}","templated":true}]}}